{"id":568,"date":"2021-03-14T22:08:33","date_gmt":"2021-03-14T21:08:33","guid":{"rendered":"https:\/\/www.lidaybasaryova.sk\/?p=568"},"modified":"2025-01-31T18:22:53","modified_gmt":"2025-01-31T17:22:53","slug":"trestnopravna-zodpovednost-predstavitelov-katolickej-cirkvi-pri-scudzovani-cirkevneho-majetku","status":"publish","type":"post","link":"https:\/\/www.lidaybasaryova.sk\/en\/trestnopravna-zodpovednost-predstavitelov-katolickej-cirkvi-pri-scudzovani-cirkevneho-majetku\/","title":{"rendered":"[2025] Trestnopr\u00e1vna zodpovednos\u0165 predstavite\u013eov Katol\u00edckej Cirkvi pri scudzovan\u00ed cirkevn\u00e9ho majetku"},"content":{"rendered":"<p>Najvy\u0161\u0161\u00ed s\u00fad SR ned\u00e1vno vydal rozhodnutie sp. zn.: 5 TO 9\/2019 v trestnej veci ob\u017ealovan\u00e9ho K. B. a spol. pre obzvl\u00e1\u0161\u0165 z\u00e1\u00adva\u017e\u00adn\u00fd zlo\u00ad\u010din spre\u00adne\u00adve\u00adry pod\u00ad\u013ea \u00a7 213 ods. 1, ods. 4 p\u00edsm. a) Tres\u00adtn\u00e9\u00adho z\u00e1\u00adko\u00adna spolu\u00adp\u00e1\u00adcha\u00adte\u013e\u00adstvom pod\u00ad\u013ea \u00a7 20 Tres\u00adtn\u00e9\u00adho z\u00e1\u00adko\u00adna, na za\u00adsad\u00adnu\u00adt\u00ed ko\u00adna\u00adnom 17. de\u00adcem\u00adbra 2020 pre\u00adjed\u00adnal od\u00advo\u00adla\u00adnie pro\u00adku\u00adr\u00e1\u00adto\u00adra \u00dara\u00addu \u0161pe\u00adci\u00e1l\u00adnej pro\u00adku\u00adra\u00adt\u00fa\u00adry Ge\u00adne\u00adr\u00e1l\u00adnej pro\u00adku\u00adra\u00adt\u00fa\u00adry a po\u0161\u00adko\u00adde\u00adn\u00e9\u00adho R\u00e1\u00addu Pre\u00admon\u0161tr\u00e1\u00adtov &#8211; Op\u00e1t\u00adstvo Ja\u00adsov pro\u00adti roz\u00adsud\u00adku \u0160pe\u00adcia\u00adli\u00adzo\u00adva\u00adn\u00e9\u00adho tres\u00adtn\u00e9\u00adho s\u00fa\u00addu z 20. j\u00fa\u00adna 2019 (sp. zn. PK-2T\/4\/2019).<\/p>\n\n\n\n<p>Rozhodnutie sa zober\u00e1 problematikou trestnopr\u00e1vnej zodpovednosti pr\u00edslu\u0161n\u00edkov Katol\u00edckej Cirkvi, v danom pr\u00edpade \u010dlenov reho\u013en\u00e9ho r\u00e1du, za poru\u0161enie noriem k\u00e1nonick\u00e9ho pr\u00e1va. <\/p>\n\n\n\n<h2 id=\"wp-block-themeisle-blocks-advanced-heading-a80193fc\" class=\"wp-block-themeisle-blocks-advanced-heading wp-block-themeisle-blocks-advanced-heading-a80193fc\">Pr\u00e1vne vety z rozhodnutia:<\/h2>\n\n\n\n<p>Pr\u00e1v\u00adny po\u00adria\u00addok Slo\u00adven\u00adskej re\u00adpub\u00adli\u00adky neob\u00adsa\u00adhu\u00adje oso\u00adbit\u00adn\u00fa pr\u00e1v\u00adnu \u00fap\u00adra\u00advu ko\u00adna\u00adnia v me\u00adne cir\u00adkv\u00ed, n\u00e1\u00adbo\u00ad\u017een\u00adsk\u00fdch spo\u00adlo\u010d\u00adnos\u00adt\u00ed, ako ani pr\u00e1v\u00adnic\u00adk\u00fdch os\u00f4b, kto\u00adr\u00e9 od\u00advo\u00addzu\u00adj\u00fa svo\u00adju pr\u00e1v\u00adnu sub\u00adjek\u00adti\u00advi\u00adtu od cir\u00adkv\u00ed a n\u00e1\u00adbo\u00ad\u017een\u00adsk\u00fdch spo\u00adlo\u010d\u00adnos\u00adt\u00ed. Z uve\u00adde\u00adn\u00e9\u00adho d\u00f4\u00advo\u00addu je pot\u00adreb\u00adn\u00e9 ko\u00adna\u00adnie v me\u00adne t\u00fdch\u00adto pr\u00e1v\u00adnic\u00adk\u00fdch os\u00f4b po\u00adsu\u00addzo\u00adva\u0165 v zmys\u00adle v\u0161eo\u00adbec\u00adnej pr\u00e1v\u00adnej \u00fap\u00adra\u00advy ob\u00adsiah\u00adnu\u00adtej v Ob\u00ad\u010dian\u00adskom z\u00e1\u00adkon\u00adn\u00ed\u00adku.<\/p>\n\n\n\n<p><strong>Pos\u00adta\u00adve\u00adnie cir\u00adkev\u00adn\u00e9\u00adho pr\u00e1\u00adva v pr\u00e1v\u00adnom po\u00adriad\u00adku Slo\u00adven\u00adskej re\u00adpub\u00adli\u00adky<\/strong>: je ne\u00adpo\u00adchyb\u00adn\u00e9, \u017ee to\u00adto net\u00advo\u00adr\u00ed s\u00fa\u00ad\u010das\u0165 pr\u00e1v\u00adne\u00adho sys\u00adt\u00e9\u00admu Slo\u00adven\u00adskej re\u00adpub\u00adli\u00adky, inter\u00adn\u00e9 pred\u00adpi\u00adsy ka\u00adto\u00adl\u00edc\u00adkej cir\u00adkvi nie s\u00fa v\u0161eo\u00adbec\u00adne z\u00e1\u00adv\u00e4z\u00adn\u00fd\u00admi pr\u00e1v\u00adny\u00admi pred\u00adpis\u00admi a z uve\u00adde\u00adn\u00e9\u00adho d\u00f4\u00advo\u00addu nie s\u00fa ani vy\u00adn\u00fa\u00adti\u00adte\u013e\u00adn\u00e9 \u0161t\u00e1t\u00adnou mo\u00adcou.<\/p>\n\n\n\n<p>Vzh\u013ea\u00addom na sku\u00adto\u010d\u00adnos\u0165, \u017ee ob\u00ad\u017ea\u00adlo\u00adva\u00adn\u00fdm ne\u00adbo\u00adla po\u00advin\u00adnos\u0165 spra\u00advo\u00adva\u0165 ale\u00adbo opat\u00adro\u00adva\u0165 cu\u00addz\u00ed ma\u00adje\u00adtok, kon\u00adkr\u00e9t\u00adne neh\u00adnu\u00adte\u013e\u00adnos\u00adti vo vlas\u00adtn\u00edc\u00adtve r\u00e1du, ulo\u00ad\u017ee\u00adn\u00e1 sp\u00f4\u00adso\u00adbom pred\u00adpok\u00adla\u00adda\u00adn\u00fdm v skut\u00adko\u00advej pod\u00adsta\u00adte tres\u00adtn\u00e9\u00adho \u010di\u00adnu po\u00adru\u00ad\u0161o\u00adva\u00adnia po\u00advin\u00adnos\u00adti pri spr\u00e1\u00adve cu\u00addzieho ma\u00adjet\u00adku pod\u00ad\u013ea \u00a7 237 Tr. z\u00e1k., t. j. v\u0161eo\u00adbec\u00adne z\u00e1\u00adv\u00e4z\u00adn\u00fdm pr\u00e1v\u00adnym pred\u00adpi\u00adsom, zmlu\u00advou ani pr\u00e1\u00advop\u00adlat\u00adn\u00fdm roz\u00adhod\u00adnu\u00adt\u00edm s\u00fa\u00addu, zoh\u00ad\u013ead\u00adniac nep\u00adr\u00ed\u00adpus\u00adtnos\u0165 exten\u00adz\u00edv\u00adne\u00adho v\u00fd\u00adkla\u00addu Tres\u00adtn\u00e9\u00adho z\u00e1\u00adko\u00adna a pou\u00ad\u017ei\u00adtia ana\u00adl\u00f3\u00adgie v nep\u00adros\u00adpech ob\u00advi\u00adne\u00adn\u00e9\u00adho, naj\u00advy\u0161\u00ad\u0161\u00ed s\u00fad dos\u00adpel k z\u00e1\u00adve\u00adru, \u017ee v da\u00adnom pr\u00ed\u00adpa\u00adde ne\u00admo\u017e\u00adno kon\u00ad\u0161ta\u00adto\u00adva\u0165 napl\u00adne\u00adnie zna\u00adkov skut\u00adko\u00advej pod\u00adsta\u00adty pred\u00admet\u00adn\u00e9\u00adho tres\u00adtn\u00e9\u00adho \u010di\u00adnu. <strong>Na\u00admie\u00adta\u00adn\u00e9 po\u00adru\u00ad\u0161e\u00adnie po\u00advin\u00adnos\u00adt\u00ed vy\u00adpl\u00fd\u00adva\u00adj\u00fa\u00adcich v\u00fd\u00adlu\u010d\u00adne z cir\u00adkev\u00adn\u00fdch pred\u00adpi\u00adsov, je v da\u00adnom pr\u00ed\u00adpa\u00adde (ref\u00adlek\u00adtu\u00adj\u00fac na ak\u00adtu\u00e1l\u00adnu pr\u00e1v\u00adnu \u00fap\u00adra\u00advu) pre s\u00fad pr\u00e1v\u00adne ire\u00adle\u00advan\u00adtn\u00e9.<\/strong><\/p>\n\n\n\n<p>Naj\u00advy\u0161\u00ad\u0161\u00ed s\u00fad po\u00adva\u00ad\u017eu\u00adje na tom\u00adto mies\u00adte za pot\u00adreb\u00adn\u00e9 zd\u00f4\u00adraz\u00adni\u0165, \u017ee vy\u00ad\u0161\u0161ie pre\u00adzen\u00adto\u00adva\u00adn\u00fd\u00admi z\u00e1\u00adver\u00admi ni\u00adja\u00adk\u00fdm sp\u00f4\u00adso\u00adbom <strong>nes\u00adpo\u00adchyb\u00ad\u0148u\u00adje op\u00adr\u00e1v\u00adne\u00adnie ka\u00adto\u00adl\u00edc\u00adkej cir\u00adkvi spra\u00advo\u00adva\u0165 svo\u00adje vn\u00fa\u00adtor\u00adn\u00e9 z\u00e1\u00adle\u00ad\u017ei\u00adtos\u00adti a v r\u00e1m\u00adci to\u00adho za\u00adv\u00e4\u00adzo\u00adva\u0165 pr\u00eds\u00adlu\u0161\u00adn\u00ed\u00adkov cir\u00adkvi k pl\u00adne\u00adniu po\u00advin\u00adnos\u00adt\u00ed sta\u00adno\u00adve\u00adn\u00fdch inter\u00adn\u00fd\u00admi pred\u00adpis\u00admi cir\u00adkvi,<\/strong> av\u00ad\u0161ak <strong>z\u00e1\u00adro\u00adve\u0148 do\u00add\u00e1\u00adva, \u017ee vy\u00adnu\u00adco\u00adva\u00adnie pl\u00adne\u00adnia ta\u00adk\u00fdch\u00adto po\u00advin\u00adnos\u00adt\u00ed, kto\u00adr\u00e9 s\u00fa sta\u00adno\u00adve\u00adn\u00e9 v\u00fd\u00adlu\u010d\u00adne cir\u00adkev\u00adn\u00fd\u00admi pred\u00adpis\u00admi <\/strong>a to nie\u00adlen v s\u00fa\u00advis\u00adlos\u00adti s ot\u00e1z\u00adkou scu\u00addzo\u00adva\u00adnia cir\u00adkev\u00adn\u00e9\u00adho ma\u00adjet\u00adku, <strong>ho\u00adci tie\u00adto ni\u00adja\u00adk\u00fdm sp\u00f4\u00adso\u00adbom neod\u00adpo\u00adru\u00adj\u00fa pr\u00e1v\u00adne\u00admu po\u00adriad\u00adku Slo\u00adven\u00adskej re\u00adpub\u00adli\u00adky, ne\u00admo\u017e\u00adno reali\u00adzo\u00adva\u0165 pros\u00adtred\u00adn\u00edc\u00adtvom \u0161t\u00e1t\u00adnej mo\u00adci.<\/strong><\/p>\n\n\n\n<p><strong>Ne\u00addodr\u00ad\u017ea\u00adnie us\u00adta\u00adno\u00adve\u00adn\u00ed k\u00e1\u00adno\u00adnic\u00adk\u00e9\u00adho pr\u00e1\u00adva a inter\u00adn\u00fdch cir\u00adkev\u00adn\u00fdch no\u00adriem pri scu\u00addzo\u00adva\u00adn\u00ed hnu\u00adte\u013e\u00adn\u00fdch i neh\u00adnu\u00adte\u013e\u00adn\u00fdch hmot\u00adn\u00fdch ve\u00adc\u00ed i neh\u00admot\u00adn\u00fdch ve\u00adc\u00ed pa\u00adtria\u00adcich do vlas\u00adtn\u00edc\u00adtva cir\u00adkev\u00adnej pr\u00e1v\u00adnic\u00adkej oso\u00adby<\/strong> \u0161ta\u00adtu\u00adt\u00e1r\u00adnym or\u00adg\u00e1\u00adnom tej\u00adto pr\u00e1v\u00adnic\u00adkej oso\u00adby ale\u00adbo je\u00adho spl\u00adno\u00admoc\u00adnen\u00adcom na to p\u00ed\u00adsom\u00adne spl\u00adno\u00admoc\u00adne\u00adn\u00fdm v s\u00fa\u00adla\u00adde s pr\u00e1v\u00adnym po\u00adriad\u00adkom Slo\u00adven\u00adskej re\u00adpub\u00adli\u00adky pre\u00adto bez \u010fal\u00ad\u0161ie\u00adho <strong>nie je mo\u017e\u00adn\u00e9 po\u00adva\u00ad\u017eo\u00adva\u0165 za trest\u00adn\u00fd \u010din <\/strong>s pou\u00adka\u00adzom na \u010dl. 49 \u00dasta\u00advy Slo\u00adven\u00adskej re\u00adpub\u00adli\u00adky a \u00a7 8 Tr. z\u00e1k.<\/p>\n\n\n\n<h2 id=\"wp-block-themeisle-blocks-advanced-heading-ef53cc08\" class=\"wp-block-themeisle-blocks-advanced-heading wp-block-themeisle-blocks-advanced-heading-ef53cc08\">Read our other articles as well:<\/h2>\n\n\n\n<p><a href=\"https:\/\/www.lidaybasaryova.sk\/en\/sudny-dvor-stanovi-pravidla-nahrady-skody-podla-gdpr\/\">Court of Justice sets out rules on damages under the GDPR<\/a><\/p>\n\n\n\n<p><a href=\"https:\/\/www.lidaybasaryova.sk\/en\/novy-trestny-cin-nebezpecne-elektronicke-obtazovanie\/\">Cyberbullying as a new crime in Slovakia<\/a><\/p>","protected":false},"excerpt":{"rendered":"<p>The criminal liability of the representatives of the Catholic Church in the alienation of church property was considered in the proceedings before the Supreme Court of the Slovak Republic. Read the legal sentences and other information.<\/p>","protected":false},"author":1,"featured_media":570,"comment_status":"open","ping_status":"open","sticky":false,"template":"","format":"standard","meta":{"_eb_attr":"","neve_meta_sidebar":"","neve_meta_container":"","neve_meta_enable_content_width":"","neve_meta_content_width":0,"neve_meta_title_alignment":"","neve_meta_author_avatar":"","neve_post_elements_order":"","neve_meta_disable_header":"","neve_meta_disable_footer":"","neve_meta_disable_title":"","_themeisle_gutenberg_block_has_review":false,"_jetpack_memberships_contains_paid_content":false,"footnotes":""},"categories":[5],"tags":[625,626,29,32,627,34,33,357,30,568,619,31],"class_list":["post-568","post","type-post","status-publish","format-standard","has-post-thumbnail","hentry","category-clanky","tag-cirkev","tag-cirkevne-pravo","tag-kanonicke-pravo","tag-katolicka-cirkev","tag-majetok","tag-najvyssi-sud","tag-rad-premonstratov","tag-rozsudok","tag-scudzovanie-cirkevneho-majetku","tag-sudne-rozhodnutia","tag-trestne-pravo","tag-trestnopravna-zodpovednost"],"yoast_head":"<!-- This site is optimized with the Yoast SEO plugin v27.4 - https:\/\/yoast.com\/product\/yoast-seo-wordpress\/ -->\n<title>[2025] Trestnopr\u00e1vna zodpovednos\u0165 predstavite\u013eov Katol\u00edckej Cirkvi pri scudzovan\u00ed cirkevn\u00e9ho majetku - LIDAY BA\u0160ARYOV\u00c1 &amp; PARTNERS | pr\u00e1vnik | advok\u00e1t | Bratislava | Ru\u017eomberok<\/title>\n<meta name=\"robots\" content=\"index, follow, max-snippet:-1, max-image-preview:large, max-video-preview:-1\" \/>\n<link rel=\"canonical\" href=\"https:\/\/www.lidaybasaryova.sk\/en\/trestnopravna-zodpovednost-predstavitelov-katolickej-cirkvi-pri-scudzovani-cirkevneho-majetku\/\" \/>\n<meta property=\"og:locale\" content=\"en_US\" \/>\n<meta property=\"og:type\" content=\"article\" \/>\n<meta property=\"og:title\" content=\"[2025] Trestnopr\u00e1vna zodpovednos\u0165 predstavite\u013eov Katol\u00edckej Cirkvi pri scudzovan\u00ed cirkevn\u00e9ho majetku - LIDAY BA\u0160ARYOV\u00c1 &amp; PARTNERS | pr\u00e1vnik | advok\u00e1t | Bratislava | Ru\u017eomberok\" \/>\n<meta property=\"og:description\" content=\"Trestnopr\u00e1vna zodpovednos\u0165 predstavite\u013eov Katol\u00edckej Cirkvi pri scudzovan\u00ed cirkevn\u00e9ho majetku bola posudzovan\u00e1 v r\u00e1mci konania na Najvy\u0161\u0161om s\u00fade SR. Pre\u010d\u00edtajte si pr\u00e1vne vety a \u010fal\u0161ie inform\u00e1cie.\" \/>\n<meta property=\"og:url\" content=\"https:\/\/www.lidaybasaryova.sk\/en\/trestnopravna-zodpovednost-predstavitelov-katolickej-cirkvi-pri-scudzovani-cirkevneho-majetku\/\" \/>\n<meta property=\"og:site_name\" content=\"LIDAY BA\u0160ARYOV\u00c1 &amp; PARTNERS | pr\u00e1vnik | advok\u00e1t | Bratislava | Ru\u017eomberok\" \/>\n<meta property=\"article:published_time\" content=\"2021-03-14T21:08:33+00:00\" \/>\n<meta property=\"article:modified_time\" content=\"2025-01-31T17:22:53+00:00\" \/>\n<meta property=\"og:image\" content=\"https:\/\/www.lidaybasaryova.sk\/wp-content\/uploads\/2021\/03\/mateus-campos-felipe-omlrvnYQ7o0-unsplash-e1615756240322.jpg\" \/>\n\t<meta property=\"og:image:width\" content=\"440\" \/>\n\t<meta property=\"og:image:height\" content=\"336\" \/>\n\t<meta property=\"og:image:type\" content=\"image\/jpeg\" \/>\n<meta name=\"author\" content=\"Dominika Lidayov\u00e1 Ba\u0161aryov\u00e1\" \/>\n<meta name=\"twitter:card\" content=\"summary_large_image\" \/>\n<meta name=\"twitter:label1\" content=\"Written by\" \/>\n\t<meta name=\"twitter:data1\" content=\"Dominika Lidayov\u00e1 Ba\u0161aryov\u00e1\" \/>\n\t<meta name=\"twitter:label2\" content=\"Est. reading time\" \/>\n\t<meta name=\"twitter:data2\" content=\"2 minutes\" \/>\n<script type=\"application\/ld+json\" class=\"yoast-schema-graph\">{\"@context\":\"https:\\\/\\\/schema.org\",\"@graph\":[{\"@type\":\"Article\",\"@id\":\"https:\\\/\\\/www.lidaybasaryova.sk\\\/trestnopravna-zodpovednost-predstavitelov-katolickej-cirkvi-pri-scudzovani-cirkevneho-majetku\\\/#article\",\"isPartOf\":{\"@id\":\"https:\\\/\\\/www.lidaybasaryova.sk\\\/trestnopravna-zodpovednost-predstavitelov-katolickej-cirkvi-pri-scudzovani-cirkevneho-majetku\\\/\"},\"author\":{\"name\":\"Dominika Lidayov\u00e1 Ba\u0161aryov\u00e1\",\"@id\":\"https:\\\/\\\/www.lidaybasaryova.sk\\\/#\\\/schema\\\/person\\\/091ec60d432f17a13ffee27ddbbd8576\"},\"headline\":\"[2025] Trestnopr\u00e1vna zodpovednos\u0165 predstavite\u013eov Katol\u00edckej Cirkvi pri scudzovan\u00ed cirkevn\u00e9ho majetku\",\"datePublished\":\"2021-03-14T21:08:33+00:00\",\"dateModified\":\"2025-01-31T17:22:53+00:00\",\"mainEntityOfPage\":{\"@id\":\"https:\\\/\\\/www.lidaybasaryova.sk\\\/trestnopravna-zodpovednost-predstavitelov-katolickej-cirkvi-pri-scudzovani-cirkevneho-majetku\\\/\"},\"wordCount\":1112,\"commentCount\":0,\"publisher\":{\"@id\":\"https:\\\/\\\/www.lidaybasaryova.sk\\\/#organization\"},\"image\":{\"@id\":\"https:\\\/\\\/www.lidaybasaryova.sk\\\/trestnopravna-zodpovednost-predstavitelov-katolickej-cirkvi-pri-scudzovani-cirkevneho-majetku\\\/#primaryimage\"},\"thumbnailUrl\":\"https:\\\/\\\/www.lidaybasaryova.sk\\\/wp-content\\\/uploads\\\/2021\\\/03\\\/mateus-campos-felipe-omlrvnYQ7o0-unsplash-e1615756240322.jpg\",\"keywords\":[\"cirkev\",\"cirkevn\u00e9 pr\u00e1vo\",\"k\u00e1nonick\u00e9 pr\u00e1vo\",\"Katol\u00edcka Cirkev\",\"majetok\",\"Najvy\u0161\u0161\u00ed s\u00fad\",\"R\u00e1d Premon\u0161tr\u00e1tov\",\"rozsudok\",\"scudzovanie cirkevn\u00e9ho majetku\",\"s\u00fadne rozhodnutia\",\"trestn\u00e9 pr\u00e1vo\",\"trestnopr\u00e1vna zodpovednos\u0165\"],\"articleSection\":[\"\u010dl\u00e1nky\"],\"inLanguage\":\"en-US\",\"potentialAction\":[{\"@type\":\"CommentAction\",\"name\":\"Comment\",\"target\":[\"https:\\\/\\\/www.lidaybasaryova.sk\\\/trestnopravna-zodpovednost-predstavitelov-katolickej-cirkvi-pri-scudzovani-cirkevneho-majetku\\\/#respond\"]}]},{\"@type\":\"WebPage\",\"@id\":\"https:\\\/\\\/www.lidaybasaryova.sk\\\/trestnopravna-zodpovednost-predstavitelov-katolickej-cirkvi-pri-scudzovani-cirkevneho-majetku\\\/\",\"url\":\"https:\\\/\\\/www.lidaybasaryova.sk\\\/trestnopravna-zodpovednost-predstavitelov-katolickej-cirkvi-pri-scudzovani-cirkevneho-majetku\\\/\",\"name\":\"[2025] Trestnopr\u00e1vna zodpovednos\u0165 predstavite\u013eov Katol\u00edckej Cirkvi pri scudzovan\u00ed cirkevn\u00e9ho majetku - LIDAY BA\u0160ARYOV\u00c1 &amp; PARTNERS | pr\u00e1vnik | advok\u00e1t | Bratislava | Ru\u017eomberok\",\"isPartOf\":{\"@id\":\"https:\\\/\\\/www.lidaybasaryova.sk\\\/#website\"},\"primaryImageOfPage\":{\"@id\":\"https:\\\/\\\/www.lidaybasaryova.sk\\\/trestnopravna-zodpovednost-predstavitelov-katolickej-cirkvi-pri-scudzovani-cirkevneho-majetku\\\/#primaryimage\"},\"image\":{\"@id\":\"https:\\\/\\\/www.lidaybasaryova.sk\\\/trestnopravna-zodpovednost-predstavitelov-katolickej-cirkvi-pri-scudzovani-cirkevneho-majetku\\\/#primaryimage\"},\"thumbnailUrl\":\"https:\\\/\\\/www.lidaybasaryova.sk\\\/wp-content\\\/uploads\\\/2021\\\/03\\\/mateus-campos-felipe-omlrvnYQ7o0-unsplash-e1615756240322.jpg\",\"datePublished\":\"2021-03-14T21:08:33+00:00\",\"dateModified\":\"2025-01-31T17:22:53+00:00\",\"breadcrumb\":{\"@id\":\"https:\\\/\\\/www.lidaybasaryova.sk\\\/trestnopravna-zodpovednost-predstavitelov-katolickej-cirkvi-pri-scudzovani-cirkevneho-majetku\\\/#breadcrumb\"},\"inLanguage\":\"en-US\",\"potentialAction\":[{\"@type\":\"ReadAction\",\"target\":[\"https:\\\/\\\/www.lidaybasaryova.sk\\\/trestnopravna-zodpovednost-predstavitelov-katolickej-cirkvi-pri-scudzovani-cirkevneho-majetku\\\/\"]}]},{\"@type\":\"ImageObject\",\"inLanguage\":\"en-US\",\"@id\":\"https:\\\/\\\/www.lidaybasaryova.sk\\\/trestnopravna-zodpovednost-predstavitelov-katolickej-cirkvi-pri-scudzovani-cirkevneho-majetku\\\/#primaryimage\",\"url\":\"https:\\\/\\\/www.lidaybasaryova.sk\\\/wp-content\\\/uploads\\\/2021\\\/03\\\/mateus-campos-felipe-omlrvnYQ7o0-unsplash-e1615756240322.jpg\",\"contentUrl\":\"https:\\\/\\\/www.lidaybasaryova.sk\\\/wp-content\\\/uploads\\\/2021\\\/03\\\/mateus-campos-felipe-omlrvnYQ7o0-unsplash-e1615756240322.jpg\",\"width\":440,\"height\":336},{\"@type\":\"BreadcrumbList\",\"@id\":\"https:\\\/\\\/www.lidaybasaryova.sk\\\/trestnopravna-zodpovednost-predstavitelov-katolickej-cirkvi-pri-scudzovani-cirkevneho-majetku\\\/#breadcrumb\",\"itemListElement\":[{\"@type\":\"ListItem\",\"position\":1,\"name\":\"advok\u00e1t\",\"item\":\"https:\\\/\\\/www.lidaybasaryova.sk\\\/\"},{\"@type\":\"ListItem\",\"position\":2,\"name\":\"[2023] Trestnopr\u00e1vna zodpovednos\u0165 predstavite\u013eov Katol\u00edckej Cirkvi pri scudzovan\u00ed cirkevn\u00e9ho majetku\"}]},{\"@type\":\"WebSite\",\"@id\":\"https:\\\/\\\/www.lidaybasaryova.sk\\\/#website\",\"url\":\"https:\\\/\\\/www.lidaybasaryova.sk\\\/\",\"name\":\"Liday - Ba\u0161aryov\u00e1 & Partners\",\"description\":\"advok\u00e1t | pr\u00e1vnik | pr\u00e1vne slu\u017eby | 2026\",\"publisher\":{\"@id\":\"https:\\\/\\\/www.lidaybasaryova.sk\\\/#organization\"},\"potentialAction\":[{\"@type\":\"SearchAction\",\"target\":{\"@type\":\"EntryPoint\",\"urlTemplate\":\"https:\\\/\\\/www.lidaybasaryova.sk\\\/?s={search_term_string}\"},\"query-input\":{\"@type\":\"PropertyValueSpecification\",\"valueRequired\":true,\"valueName\":\"search_term_string\"}}],\"inLanguage\":\"en-US\"},{\"@type\":\"Organization\",\"@id\":\"https:\\\/\\\/www.lidaybasaryova.sk\\\/#organization\",\"name\":\"Liday - Ba\u0161aryov\u00e1 & Partners\",\"url\":\"https:\\\/\\\/www.lidaybasaryova.sk\\\/\",\"logo\":{\"@type\":\"ImageObject\",\"inLanguage\":\"en-US\",\"@id\":\"https:\\\/\\\/www.lidaybasaryova.sk\\\/#\\\/schema\\\/logo\\\/image\\\/\",\"url\":\"https:\\\/\\\/www.lidaybasaryova.sk\\\/wp-content\\\/uploads\\\/2021\\\/02\\\/cropped-BASARY-logo-scaled-1.jpg\",\"contentUrl\":\"https:\\\/\\\/www.lidaybasaryova.sk\\\/wp-content\\\/uploads\\\/2021\\\/02\\\/cropped-BASARY-logo-scaled-1.jpg\",\"width\":2560,\"height\":1201,\"caption\":\"Liday - Ba\u0161aryov\u00e1 & Partners\"},\"image\":{\"@id\":\"https:\\\/\\\/www.lidaybasaryova.sk\\\/#\\\/schema\\\/logo\\\/image\\\/\"}},{\"@type\":\"Person\",\"@id\":\"https:\\\/\\\/www.lidaybasaryova.sk\\\/#\\\/schema\\\/person\\\/091ec60d432f17a13ffee27ddbbd8576\",\"name\":\"Dominika Lidayov\u00e1 Ba\u0161aryov\u00e1\",\"image\":{\"@type\":\"ImageObject\",\"inLanguage\":\"en-US\",\"@id\":\"https:\\\/\\\/secure.gravatar.com\\\/avatar\\\/77d33de71334a8fa70c45bea8c5bc80dd3683350c0959a874149fc872de1a92b?s=96&d=mm&r=g\",\"url\":\"https:\\\/\\\/secure.gravatar.com\\\/avatar\\\/77d33de71334a8fa70c45bea8c5bc80dd3683350c0959a874149fc872de1a92b?s=96&d=mm&r=g\",\"contentUrl\":\"https:\\\/\\\/secure.gravatar.com\\\/avatar\\\/77d33de71334a8fa70c45bea8c5bc80dd3683350c0959a874149fc872de1a92b?s=96&d=mm&r=g\",\"caption\":\"Dominika Lidayov\u00e1 Ba\u0161aryov\u00e1\"},\"sameAs\":[\"https:\\\/\\\/www.lidaybasaryova.sk\"],\"url\":\"https:\\\/\\\/www.lidaybasaryova.sk\\\/en\\\/author\\\/lidaybasary\\\/\"}]}<\/script>\n<!-- \/ Yoast SEO plugin. -->","yoast_head_json":{"title":"[2025] Trestnopr\u00e1vna zodpovednos\u0165 predstavite\u013eov Katol\u00edckej Cirkvi pri scudzovan\u00ed cirkevn\u00e9ho majetku - LIDAY BA\u0160ARYOV\u00c1 &amp; PARTNERS | pr\u00e1vnik | advok\u00e1t | Bratislava | Ru\u017eomberok","robots":{"index":"index","follow":"follow","max-snippet":"max-snippet:-1","max-image-preview":"max-image-preview:large","max-video-preview":"max-video-preview:-1"},"canonical":"https:\/\/www.lidaybasaryova.sk\/en\/trestnopravna-zodpovednost-predstavitelov-katolickej-cirkvi-pri-scudzovani-cirkevneho-majetku\/","og_locale":"en_US","og_type":"article","og_title":"[2025] Trestnopr\u00e1vna zodpovednos\u0165 predstavite\u013eov Katol\u00edckej Cirkvi pri scudzovan\u00ed cirkevn\u00e9ho majetku - LIDAY BA\u0160ARYOV\u00c1 &amp; PARTNERS | pr\u00e1vnik | advok\u00e1t | Bratislava | Ru\u017eomberok","og_description":"Trestnopr\u00e1vna zodpovednos\u0165 predstavite\u013eov Katol\u00edckej Cirkvi pri scudzovan\u00ed cirkevn\u00e9ho majetku bola posudzovan\u00e1 v r\u00e1mci konania na Najvy\u0161\u0161om s\u00fade SR. Pre\u010d\u00edtajte si pr\u00e1vne vety a \u010fal\u0161ie inform\u00e1cie.","og_url":"https:\/\/www.lidaybasaryova.sk\/en\/trestnopravna-zodpovednost-predstavitelov-katolickej-cirkvi-pri-scudzovani-cirkevneho-majetku\/","og_site_name":"LIDAY BA\u0160ARYOV\u00c1 &amp; PARTNERS | pr\u00e1vnik | advok\u00e1t | Bratislava | Ru\u017eomberok","article_published_time":"2021-03-14T21:08:33+00:00","article_modified_time":"2025-01-31T17:22:53+00:00","og_image":[{"width":440,"height":336,"url":"https:\/\/www.lidaybasaryova.sk\/wp-content\/uploads\/2021\/03\/mateus-campos-felipe-omlrvnYQ7o0-unsplash-e1615756240322.jpg","type":"image\/jpeg"}],"author":"Dominika Lidayov\u00e1 Ba\u0161aryov\u00e1","twitter_card":"summary_large_image","twitter_misc":{"Written by":"Dominika Lidayov\u00e1 Ba\u0161aryov\u00e1","Est. reading time":"2 minutes"},"schema":{"@context":"https:\/\/schema.org","@graph":[{"@type":"Article","@id":"https:\/\/www.lidaybasaryova.sk\/trestnopravna-zodpovednost-predstavitelov-katolickej-cirkvi-pri-scudzovani-cirkevneho-majetku\/#article","isPartOf":{"@id":"https:\/\/www.lidaybasaryova.sk\/trestnopravna-zodpovednost-predstavitelov-katolickej-cirkvi-pri-scudzovani-cirkevneho-majetku\/"},"author":{"name":"Dominika Lidayov\u00e1 Ba\u0161aryov\u00e1","@id":"https:\/\/www.lidaybasaryova.sk\/#\/schema\/person\/091ec60d432f17a13ffee27ddbbd8576"},"headline":"[2025] Trestnopr\u00e1vna zodpovednos\u0165 predstavite\u013eov Katol\u00edckej Cirkvi pri scudzovan\u00ed cirkevn\u00e9ho majetku","datePublished":"2021-03-14T21:08:33+00:00","dateModified":"2025-01-31T17:22:53+00:00","mainEntityOfPage":{"@id":"https:\/\/www.lidaybasaryova.sk\/trestnopravna-zodpovednost-predstavitelov-katolickej-cirkvi-pri-scudzovani-cirkevneho-majetku\/"},"wordCount":1112,"commentCount":0,"publisher":{"@id":"https:\/\/www.lidaybasaryova.sk\/#organization"},"image":{"@id":"https:\/\/www.lidaybasaryova.sk\/trestnopravna-zodpovednost-predstavitelov-katolickej-cirkvi-pri-scudzovani-cirkevneho-majetku\/#primaryimage"},"thumbnailUrl":"https:\/\/www.lidaybasaryova.sk\/wp-content\/uploads\/2021\/03\/mateus-campos-felipe-omlrvnYQ7o0-unsplash-e1615756240322.jpg","keywords":["cirkev","cirkevn\u00e9 pr\u00e1vo","k\u00e1nonick\u00e9 pr\u00e1vo","Katol\u00edcka Cirkev","majetok","Najvy\u0161\u0161\u00ed s\u00fad","R\u00e1d Premon\u0161tr\u00e1tov","rozsudok","scudzovanie cirkevn\u00e9ho majetku","s\u00fadne rozhodnutia","trestn\u00e9 pr\u00e1vo","trestnopr\u00e1vna zodpovednos\u0165"],"articleSection":["\u010dl\u00e1nky"],"inLanguage":"en-US","potentialAction":[{"@type":"CommentAction","name":"Comment","target":["https:\/\/www.lidaybasaryova.sk\/trestnopravna-zodpovednost-predstavitelov-katolickej-cirkvi-pri-scudzovani-cirkevneho-majetku\/#respond"]}]},{"@type":"WebPage","@id":"https:\/\/www.lidaybasaryova.sk\/trestnopravna-zodpovednost-predstavitelov-katolickej-cirkvi-pri-scudzovani-cirkevneho-majetku\/","url":"https:\/\/www.lidaybasaryova.sk\/trestnopravna-zodpovednost-predstavitelov-katolickej-cirkvi-pri-scudzovani-cirkevneho-majetku\/","name":"[2025] Trestnopr\u00e1vna zodpovednos\u0165 predstavite\u013eov Katol\u00edckej Cirkvi pri scudzovan\u00ed cirkevn\u00e9ho majetku - LIDAY BA\u0160ARYOV\u00c1 &amp; PARTNERS | pr\u00e1vnik | advok\u00e1t | Bratislava | Ru\u017eomberok","isPartOf":{"@id":"https:\/\/www.lidaybasaryova.sk\/#website"},"primaryImageOfPage":{"@id":"https:\/\/www.lidaybasaryova.sk\/trestnopravna-zodpovednost-predstavitelov-katolickej-cirkvi-pri-scudzovani-cirkevneho-majetku\/#primaryimage"},"image":{"@id":"https:\/\/www.lidaybasaryova.sk\/trestnopravna-zodpovednost-predstavitelov-katolickej-cirkvi-pri-scudzovani-cirkevneho-majetku\/#primaryimage"},"thumbnailUrl":"https:\/\/www.lidaybasaryova.sk\/wp-content\/uploads\/2021\/03\/mateus-campos-felipe-omlrvnYQ7o0-unsplash-e1615756240322.jpg","datePublished":"2021-03-14T21:08:33+00:00","dateModified":"2025-01-31T17:22:53+00:00","breadcrumb":{"@id":"https:\/\/www.lidaybasaryova.sk\/trestnopravna-zodpovednost-predstavitelov-katolickej-cirkvi-pri-scudzovani-cirkevneho-majetku\/#breadcrumb"},"inLanguage":"en-US","potentialAction":[{"@type":"ReadAction","target":["https:\/\/www.lidaybasaryova.sk\/trestnopravna-zodpovednost-predstavitelov-katolickej-cirkvi-pri-scudzovani-cirkevneho-majetku\/"]}]},{"@type":"ImageObject","inLanguage":"en-US","@id":"https:\/\/www.lidaybasaryova.sk\/trestnopravna-zodpovednost-predstavitelov-katolickej-cirkvi-pri-scudzovani-cirkevneho-majetku\/#primaryimage","url":"https:\/\/www.lidaybasaryova.sk\/wp-content\/uploads\/2021\/03\/mateus-campos-felipe-omlrvnYQ7o0-unsplash-e1615756240322.jpg","contentUrl":"https:\/\/www.lidaybasaryova.sk\/wp-content\/uploads\/2021\/03\/mateus-campos-felipe-omlrvnYQ7o0-unsplash-e1615756240322.jpg","width":440,"height":336},{"@type":"BreadcrumbList","@id":"https:\/\/www.lidaybasaryova.sk\/trestnopravna-zodpovednost-predstavitelov-katolickej-cirkvi-pri-scudzovani-cirkevneho-majetku\/#breadcrumb","itemListElement":[{"@type":"ListItem","position":1,"name":"advok\u00e1t","item":"https:\/\/www.lidaybasaryova.sk\/"},{"@type":"ListItem","position":2,"name":"[2023] Trestnopr\u00e1vna zodpovednos\u0165 predstavite\u013eov Katol\u00edckej Cirkvi pri scudzovan\u00ed cirkevn\u00e9ho majetku"}]},{"@type":"WebSite","@id":"https:\/\/www.lidaybasaryova.sk\/#website","url":"https:\/\/www.lidaybasaryova.sk\/","name":"Liday - Ba\u0161aryov\u00e1 & Partners","description":"advok\u00e1t | pr\u00e1vnik | pr\u00e1vne slu\u017eby | 2026","publisher":{"@id":"https:\/\/www.lidaybasaryova.sk\/#organization"},"potentialAction":[{"@type":"SearchAction","target":{"@type":"EntryPoint","urlTemplate":"https:\/\/www.lidaybasaryova.sk\/?s={search_term_string}"},"query-input":{"@type":"PropertyValueSpecification","valueRequired":true,"valueName":"search_term_string"}}],"inLanguage":"en-US"},{"@type":"Organization","@id":"https:\/\/www.lidaybasaryova.sk\/#organization","name":"Liday - Ba\u0161aryov\u00e1 & Partners","url":"https:\/\/www.lidaybasaryova.sk\/","logo":{"@type":"ImageObject","inLanguage":"en-US","@id":"https:\/\/www.lidaybasaryova.sk\/#\/schema\/logo\/image\/","url":"https:\/\/www.lidaybasaryova.sk\/wp-content\/uploads\/2021\/02\/cropped-BASARY-logo-scaled-1.jpg","contentUrl":"https:\/\/www.lidaybasaryova.sk\/wp-content\/uploads\/2021\/02\/cropped-BASARY-logo-scaled-1.jpg","width":2560,"height":1201,"caption":"Liday - Ba\u0161aryov\u00e1 & Partners"},"image":{"@id":"https:\/\/www.lidaybasaryova.sk\/#\/schema\/logo\/image\/"}},{"@type":"Person","@id":"https:\/\/www.lidaybasaryova.sk\/#\/schema\/person\/091ec60d432f17a13ffee27ddbbd8576","name":"Dominika Lidayov\u00e1 Ba\u0161aryov\u00e1","image":{"@type":"ImageObject","inLanguage":"en-US","@id":"https:\/\/secure.gravatar.com\/avatar\/77d33de71334a8fa70c45bea8c5bc80dd3683350c0959a874149fc872de1a92b?s=96&d=mm&r=g","url":"https:\/\/secure.gravatar.com\/avatar\/77d33de71334a8fa70c45bea8c5bc80dd3683350c0959a874149fc872de1a92b?s=96&d=mm&r=g","contentUrl":"https:\/\/secure.gravatar.com\/avatar\/77d33de71334a8fa70c45bea8c5bc80dd3683350c0959a874149fc872de1a92b?s=96&d=mm&r=g","caption":"Dominika Lidayov\u00e1 Ba\u0161aryov\u00e1"},"sameAs":["https:\/\/www.lidaybasaryova.sk"],"url":"https:\/\/www.lidaybasaryova.sk\/en\/author\/lidaybasary\/"}]}},"jetpack_featured_media_url":"https:\/\/www.lidaybasaryova.sk\/wp-content\/uploads\/2021\/03\/mateus-campos-felipe-omlrvnYQ7o0-unsplash-e1615756240322.jpg","jetpack_sharing_enabled":true,"_links":{"self":[{"href":"https:\/\/www.lidaybasaryova.sk\/en\/wp-json\/wp\/v2\/posts\/568","targetHints":{"allow":["GET"]}}],"collection":[{"href":"https:\/\/www.lidaybasaryova.sk\/en\/wp-json\/wp\/v2\/posts"}],"about":[{"href":"https:\/\/www.lidaybasaryova.sk\/en\/wp-json\/wp\/v2\/types\/post"}],"author":[{"embeddable":true,"href":"https:\/\/www.lidaybasaryova.sk\/en\/wp-json\/wp\/v2\/users\/1"}],"replies":[{"embeddable":true,"href":"https:\/\/www.lidaybasaryova.sk\/en\/wp-json\/wp\/v2\/comments?post=568"}],"version-history":[{"count":6,"href":"https:\/\/www.lidaybasaryova.sk\/en\/wp-json\/wp\/v2\/posts\/568\/revisions"}],"predecessor-version":[{"id":4128,"href":"https:\/\/www.lidaybasaryova.sk\/en\/wp-json\/wp\/v2\/posts\/568\/revisions\/4128"}],"wp:featuredmedia":[{"embeddable":true,"href":"https:\/\/www.lidaybasaryova.sk\/en\/wp-json\/wp\/v2\/media\/570"}],"wp:attachment":[{"href":"https:\/\/www.lidaybasaryova.sk\/en\/wp-json\/wp\/v2\/media?parent=568"}],"wp:term":[{"taxonomy":"category","embeddable":true,"href":"https:\/\/www.lidaybasaryova.sk\/en\/wp-json\/wp\/v2\/categories?post=568"},{"taxonomy":"post_tag","embeddable":true,"href":"https:\/\/www.lidaybasaryova.sk\/en\/wp-json\/wp\/v2\/tags?post=568"}],"curies":[{"name":"wp","href":"https:\/\/api.w.org\/{rel}","templated":true}]}}