{"id":3057,"date":"2023-08-05T20:59:01","date_gmt":"2023-08-05T19:59:01","guid":{"rendered":"https:\/\/www.lidaybasaryova.sk\/?p=3057"},"modified":"2024-10-08T19:24:38","modified_gmt":"2024-10-08T18:24:38","slug":"bol-prijaty-zakon-o-zalobach-na-ochranu-kolektivnych-zaujmov-spotrebitelov","status":"publish","type":"post","link":"https:\/\/www.lidaybasaryova.sk\/en\/bol-prijaty-zakon-o-zalobach-na-ochranu-kolektivnych-zaujmov-spotrebitelov\/","title":{"rendered":"The law on class action lawsuits for the protection of collective consumer interests has been adopted in Slovakia"},"content":{"rendered":"<p>V&nbsp;uplynul\u00fdch t\u00fd\u017ed\u0148och bol prijat\u00fd z\u00e1kon o \u017ealob\u00e1ch na ochranu kolekt\u00edvnych z\u00e1ujmov spotrebite\u013eov a o zmene a doplnen\u00ed niektor\u00fdch z\u00e1konov &nbsp;(z\u00e1kon \u010d. 261\/2023 Z. z.). \u00da\u010dinnos\u0165 nadobudol d\u0148a 25.7.2023. Prijatie z\u00e1kona je v\u00fdsledkom transpoz\u00edcie smernice Eur\u00f3pskeho parlamentu a Rady (E\u00da) 2020\/1828 z 25. novembra 2020 o \u017ealob\u00e1ch v zast\u00fapen\u00ed na ochranu kolekt\u00edvnych z\u00e1ujmov spotrebite\u013eov a o zru\u0161en\u00ed smernice 2009\/22\/ES (\u010falej len \u201esmernica (E\u00da) 2020\/1828\u201c)\u201c.<\/p>\n\n\n\n<ul class=\"wp-block-list\">\n<li><a href=\"https:\/\/www.lidaybasaryova.sk\/en\/?page_id=3646\" data-type=\"page\" data-id=\"3646\">Update of general terms and conditions<\/a><\/li>\n\n\n\n<li><a href=\"https:\/\/www.lidaybasaryova.sk\/en\/zmeny-v-terminologii-spotrebitelskeho-prava\/\" data-type=\"link\" data-id=\"https:\/\/www.lidaybasaryova.sk\/zmeny-v-terminologii-spotrebitelskeho-prava\/\">Changes in consumer law terminology<\/a><\/li>\n<\/ul>\n\n\n\n<h2 id=\"wp-block-themeisle-blocks-advanced-heading-9b126bdd\" class=\"wp-block-themeisle-blocks-advanced-heading wp-block-themeisle-blocks-advanced-heading-9b126bdd\"><strong>Z\u00e1kon o&nbsp;\u017ealob\u00e1ch na ochranu kolekt\u00edvnych z\u00e1ujmov spotrebite\u013eov a jeho ciele?<\/strong><\/h2>\n\n\n\n<p>Cie\u013eom novej pr\u00e1vnej \u00fapravy je zabezpe\u010di\u0165 rovnov\u00e1hu medzi pr\u00edstupom spotrebite\u013eov k spravodlivosti a poskytnut\u00edm primeran\u00fdch z\u00e1ruk pre obchodn\u00edkov pred zneu\u017e\u00edvan\u00edm sporov.<\/p>\n\n\n\n<p>Prijat\u00edm z\u00e1kona o&nbsp;\u017ealob\u00e1ch na ochranu kolekt\u00edvnych z\u00e1ujmov spotrebite\u013eov by malo d\u00f4js\u0165 k&nbsp;zjednodu\u0161eniu uplat\u0148ovania n\u00e1rokov spotrebite\u013eov v&nbsp;pr\u00edpade vzniku \u0161kody alebo bezd\u00f4vodn\u00e9ho obohatenia alebo v&nbsp;d\u00f4sledku konania podnikate\u013ea v&nbsp;rozpore s&nbsp;pravidlami hospod\u00e1rskej s\u00fa\u0165a\u017ee.<\/p>\n\n\n\n<h2 id=\"wp-block-themeisle-blocks-advanced-heading-eb464465\" class=\"wp-block-themeisle-blocks-advanced-heading wp-block-themeisle-blocks-advanced-heading-eb464465\"><strong>\u010co je predmetom z\u00e1kona o \u017ealob\u00e1ch na ochranu kolekt\u00edvnych z\u00e1ujmov spotrebite\u013eov?<\/strong><\/h2>\n\n\n\n<p>Z\u00e1kon upravuje aj konania o&nbsp;abstraktnej kontrole. Tie u\u017e boli s\u00fa\u010das\u0165ou slovensk\u00e9ho pr\u00e1vneho poriadku. Okrem toho zav\u00e1dza aj nov\u00e9 <strong>konanie o&nbsp;vydanie n\u00e1pravn\u00e9ho opatrenia<\/strong>.<\/p>\n\n\n\n<p>V&nbsp;zmysle v\u0161eobecnej \u010dasti d\u00f4vodovej spr\u00e1vy, nov\u00fd pr\u00e1vny predpis zakotvuje predov\u0161etk\u00fdm:<\/p>\n\n\n\n<ul class=\"wp-block-list\">\n<li>zavedenie krit\u00e9ri\u00ed pre opr\u00e1vnen\u00e9 osoby veden\u00e9 v zozname opr\u00e1vnen\u00fdch os\u00f4b na \u00fa\u010dely pod\u00e1vania vn\u00fatro\u0161t\u00e1tnych aj cezhrani\u010dn\u00fdch \u017eal\u00f4b,<\/li>\n\n\n\n<li>zavedenie syst\u00e9mu opt-in (formou prihl\u00e1\u0161ok zo strany spotrebite\u013eov k \u017ealobn\u00e9mu z\u00e1meru) v konan\u00ed o \u017ealob\u00e1ch na ochranu kolekt\u00edvnych z\u00e1ujmov spotrebite\u013eov,<\/li>\n\n\n\n<li>zavedenie mo\u017enosti \u00fa\u010dasti spotrebite\u013ea v konan\u00ed za jednorazov\u00fd poplatok vo v\u00fd\u0161ke 20,- EUR,<\/li>\n\n\n\n<li>zavedenie pravidla, \u017ee ne\u00faspe\u0161n\u00e1 strana zn\u00e1\u0161a trovy konania (s v\u00fdnimkou spotrebite\u013ea),<\/li>\n\n\n\n<li>zavedenie informa\u010dnej povinnosti vo\u010di spotrebite\u013eom zo strany ministerstva a opr\u00e1vnen\u00fdch subjektov,<\/li>\n\n\n\n<li>zavedenie povinnej konzult\u00e1cie opr\u00e1vnenej osoby, org\u00e1nu doh\u013eadu alebo samoregula\u010dn\u00e9ho org\u00e1n pred podan\u00edm \u017ealoby o abstraktnej kontrole s dotknut\u00fdm obchodn\u00edkom,<\/li>\n\n\n\n<li>zavedenie fikcie, \u017ee rozhodnutie s\u00fadu\/spr\u00e1vneho org\u00e1nu ktor\u00e9hoko\u013evek \u010dlensk\u00e9ho \u0161t\u00e1tu E\u00da o existencii poru\u0161enia kolekt\u00edvnych z\u00e1ujmov spotrebite\u013eov m\u00f4\u017eu pou\u017ei\u0165 strany konania ako d\u00f4kaz na \u00fa\u010dely akejko\u013evek \u010fal\u0161ej \u017ealoby proti tomu ist\u00e9mu obchodn\u00edkovi pre ten ist\u00fd postup,<\/li>\n\n\n\n<li>zavedenie syst\u00e9mu sankci\u00ed (v pr\u00edpade poru\u0161enia z\u00e1kona) a odme\u0148ovania (v pr\u00edpade \u00faspechu v konan\u00ed).<\/li>\n<\/ul>\n\n\n\n<h2 id=\"wp-block-themeisle-blocks-advanced-heading-932f71b3\" class=\"wp-block-themeisle-blocks-advanced-heading wp-block-themeisle-blocks-advanced-heading-932f71b3\"><strong>Konanie o&nbsp;vydanie n\u00e1pravn\u00e9ho opatrenia<\/strong><\/h2>\n\n\n\n<p>Konanie o vydanie n\u00e1pravn\u00e9ho opatrenia je konanie o \u017ealobe na ochranu kolekt\u00edvnych z\u00e1ujmov spotrebite\u013eov. S\u00fad v \u0148om m\u00f4\u017ee ulo\u017ei\u0165 obchodn\u00edkovi jedno alebo viac n\u00e1pravn\u00fdch opatren\u00ed. \u017dalobu pod\u00e1va opr\u00e1vnen\u00e1 osoba.<\/p>\n\n\n\n<h2 id=\"wp-block-themeisle-blocks-advanced-heading-66279619\" class=\"wp-block-themeisle-blocks-advanced-heading wp-block-themeisle-blocks-advanced-heading-66279619\"><strong>Kto je opr\u00e1vnen\u00e1 osoba na \u00fa\u010dely z\u00e1kona o \u017ealob\u00e1ch na ochranu kolekt\u00edvnych z\u00e1ujmov spotrebite\u013eov?<\/strong><\/h2>\n\n\n\n<p>Opr\u00e1vnenou osobou je osoba zap\u00edsan\u00e1 v&nbsp;<a href=\"https:\/\/www.economy.gov.sk\/obchod\/ochrana-spotrebitela\/zaloby-na-ochranu-kolektivnych-zaujmov-spotrebitelov\/zoznam-opravnenych-osob\">zozname opr\u00e1vnen\u00fdch os\u00f4b<\/a>. Zoznam vedie Ministerstvo hospod\u00e1rstva Slovenskej republiky a&nbsp;zverej\u0148uje ho na svojom webovom s\u00eddle.<\/p>\n\n\n\n<p>Ministerstvo hospod\u00e1rstva zap\u00ed\u0161e osobu do zoznamu opr\u00e1vnen\u00fdch os\u00f4b na z\u00e1klade \u017eiadosti, ak osoba splnila tieto podmienky:<\/p>\n\n\n\n<ul class=\"wp-block-list\">\n<li>je zriaden\u00e1 pod\u013ea pr\u00e1vneho poriadku Slovenskej republiky,<\/li>\n\n\n\n<li>vykon\u00e1va \u010dinnos\u0165 zameran\u00fa na presadzovanie a ochranu z\u00e1ujmov spotrebite\u013eov,<\/li>\n\n\n\n<li>p\u00f4sob\u00ed v neziskovom sektore,<\/li>\n\n\n\n<li>sa vo\u010di nej nevedie konkurzn\u00e9 konanie, nie je v konkurze, v re\u0161trukturaliz\u00e1cii alebo nebol proti nej zamietnut\u00fd n\u00e1vrh na vyhl\u00e1senie konkurzu pre nedostatok majetku,<\/li>\n\n\n\n<li>preuk\u00e1\u017ee, \u017ee pred podan\u00edm \u017eiadosti o z\u00e1pis do zoznamu opr\u00e1vnen\u00fdch os\u00f4b po\u010das 12 mesiacov akt\u00edvne p\u00f4sobila v oblasti ochrany spotrebite\u013ea,<\/li>\n\n\n\n<li>je nez\u00e1visl\u00e1 a neovplyv\u0148uj\u00fa ju osoby, ktor\u00e9 maj\u00fa ekonomick\u00fd z\u00e1ujem na podan\u00ed \u017ealoby na ochranu kolekt\u00edvnych z\u00e1ujmov spotrebite\u013eov, okrem spotrebite\u013eov, a to aj v pr\u00edpade financovania tret\u00edmi stranami a prijala opatrenia na zabr\u00e1nenie vplyvu os\u00f4b, ktor\u00e9 maj\u00fa ekonomick\u00fd z\u00e1ujem na podan\u00ed \u017ealoby na ochranu kolekt\u00edvnych z\u00e1ujmov spotrebite\u013eov, ako aj opatrenia na zabr\u00e1nenie konfliktu z\u00e1ujmov medzi z\u00e1ujmom \u017eiadate\u013ea, z\u00e1ujmom poskytovate\u013eov jeho financovania a z\u00e1ujmami spotrebite\u013eov<\/li>\n\n\n\n<li>nebola v posledn\u00fdch 12 mesiacoch vy\u010diarknut\u00e1 zo zoznamu opr\u00e1vnen\u00fdch os\u00f4b,<\/li>\n\n\n\n<li>m\u00e1 zverejnen\u00e9 najm\u00e4 na svojom webovom s\u00eddle inform\u00e1cie preukazuj\u00face, \u017ee sp\u013a\u0148a krit\u00e9ri\u00e1 uveden\u00e9 v&nbsp;predch\u00e1dzaj\u00facich bodoch a inform\u00e1cie o zdrojoch svojho financovania, svojej organiza\u010dnej, riadiacej a \u010dlenskej \u0161trukt\u00fare, z\u00e1konnom \u00fa\u010dele a svojich \u010dinnostiach.<\/li>\n<\/ul>\n\n\n\n<h2 id=\"wp-block-themeisle-blocks-advanced-heading-2f397dcf\" class=\"wp-block-themeisle-blocks-advanced-heading wp-block-themeisle-blocks-advanced-heading-2f397dcf\"><strong>\u017dalobn\u00fd z\u00e1mer<\/strong><\/h2>\n\n\n\n<p>Pred podan\u00edm \u017ealoby na vydanie n\u00e1pravn\u00e9ho opatrenia zverejn\u00ed opr\u00e1vnen\u00e1 osoba v <a href=\"https:\/\/obchodnyvestnik.justice.gov.sk\/ObchodnyVestnik\/Web\/Zoznam.aspx\">Commercial Bulletin<\/a> \u017ealobn\u00fd z\u00e1mer. Urob\u00ed tak najmenej dva mesiace pred podan\u00edm \u017ealoby na vydanie n\u00e1pravn\u00e9ho opatrenia a vyzve spotrebite\u013eov, aby sa k&nbsp;\u017ealobn\u00e9mu z\u00e1meru prihl\u00e1sili.<\/p>\n\n\n\n<p>Opr\u00e1vnen\u00e1 osoba uzatvor\u00ed s not\u00e1rom zmluvu, na z\u00e1klade ktorej not\u00e1r bude vies\u0165 zoznam prihl\u00e1sen\u00fdch spotrebite\u013eov. Okrem toho u neho bud\u00fa zlo\u017een\u00e9 peniaze do not\u00e1rskej \u00faschovy ur\u010den\u00e9 na uspokojovanie n\u00e1rokov prihl\u00e1sen\u00fdch spotrebite\u013eov z\u00fa\u010dastnen\u00fdch v&nbsp;konan\u00ed.<\/p>\n\n\n\n<ul class=\"wp-block-list\">\n<li><a href=\"https:\/\/www.lidaybasaryova.sk\/en\/notar-ako-registrator-do-obchodneho-registra-advokat-moze-byt-splnomocnenec\/\">Not\u00e1r ako registr\u00e1tor do obchodn\u00e9ho registra<\/a><\/li>\n<\/ul>\n\n\n\n<p>Spotrebitelia sa prihlasuj\u00fa k \u017ealobn\u00e9mu z\u00e1meru prihl\u00e1\u0161kou. Aby mohlo d\u00f4js\u0165 k&nbsp;podaniu \u017ealoby na s\u00fad, je potrebn\u00e9, aby sa prihl\u00e1sili aspo\u0148 20 spotrebite\u013eov. Ak sa v lehote do dvoch mesiacov od zverejnenia \u017ealobn\u00e9ho z\u00e1meru v&nbsp;Obchodnom vestn\u00edku prihl\u00e1si k \u017ealobn\u00e9mu z\u00e1meru najmenej dvadsa\u0165 spotrebite\u013eov, m\u00f4\u017ee opr\u00e1vnen\u00e1 osoba poda\u0165 \u017ealobu na vydanie n\u00e1pravn\u00e9ho opatrenia na s\u00fad. \u010eal\u0161\u00ed spotrebitelia sa m\u00f4\u017eu prihlasova\u0165 aj po za\u010dat\u00ed konania, najnesk\u00f4r v\u0161ak v lehote do skon\u010denia dokazovania na s\u00fade prvej in\u0161tancie.<\/p>\n\n\n\n<p><strong>V pr\u00edpade, \u017ee by ste s prihl\u00e1\u0161kou potrebovali pom\u00f4c\u0165, m\u00f4\u017eete sa na n\u00e1s obr\u00e1ti\u0165.<\/strong><\/p>\n\n\n\n<h2 id=\"wp-block-themeisle-blocks-advanced-heading-93178f5f\" class=\"wp-block-themeisle-blocks-advanced-heading wp-block-themeisle-blocks-advanced-heading-93178f5f\"><strong>S\u00fadne rozhodnutie<\/strong><\/h2>\n\n\n\n<p>Ak s\u00fad \u017ealobe vyhovie, vo v\u00fdroku rozhodnutia ur\u010d\u00ed n\u00e1pravn\u00e9 opatrenie, uvedie po\u010det prihl\u00e1sen\u00fdch spotrebite\u013eov, ur\u010den\u00e9ho not\u00e1ra ako miesto plnenia a v\u00fd\u0161ku odmeny opr\u00e1vnenej osoby; inak \u017ealobu zamietne. S\u00fa\u010das\u0165ou rozhodnutia je pr\u00edloha, ktor\u00e1 obsahuje zoznam po\u0161koden\u00fdch spotrebite\u013eov a ich n\u00e1roky.<\/p>\n\n\n\n<p>Medzi n\u00e1pravn\u00e9 opatrenia, ktor\u00e9 m\u00f4\u017ee s\u00fad ur\u010di\u0165 patr\u00ed napr. povinnos\u0165 nahradi\u0165 \u0161kodu, vyda\u0165 bezd\u00f4vodn\u00e9 obohatenie, poskytn\u00fa\u0165 z\u013eavu z&nbsp;k\u00fapnej ceny, opravi\u0165 produkt, vymeni\u0165 produkt, poskytn\u00fa\u0165 spotrebite\u013eovi po\u017eadovan\u00e9 inform\u00e1cie a&nbsp;pod.<\/p>\n\n\n\n<h2 id=\"wp-block-themeisle-blocks-advanced-heading-57ba91d9\" class=\"wp-block-themeisle-blocks-advanced-heading wp-block-themeisle-blocks-advanced-heading-57ba91d9\">Also read:<\/h2>\n\n\n\n<ul class=\"wp-block-list\">\n<li><a href=\"https:\/\/www.lidaybasaryova.sk\/en\/co-je-to-dokazne-bremeno\/\">D\u00f4kazn\u00e9 bremeno?<\/a><\/li>\n\n\n\n<li><a href=\"https:\/\/www.lidaybasaryova.sk\/en\/zaloba-na-odvratenie-hroziacej-skody\/\">Action to avert imminent damage in Slovakia<\/a><\/li>\n<\/ul>","protected":false},"excerpt":{"rendered":"<p>A law on collective consumer interest protection lawsuits has been adopted. It came into effect on 25th of July 2023.<\/p>","protected":false},"author":2,"featured_media":1858,"comment_status":"open","ping_status":"open","sticky":false,"template":"","format":"standard","meta":{"_eb_attr":"","neve_meta_sidebar":"","neve_meta_container":"","neve_meta_enable_content_width":"","neve_meta_content_width":0,"neve_meta_title_alignment":"","neve_meta_author_avatar":"","neve_post_elements_order":"","neve_meta_disable_header":"","neve_meta_disable_footer":"","neve_meta_disable_title":"","_themeisle_gutenberg_block_has_review":false,"_jetpack_memberships_contains_paid_content":false,"footnotes":""},"categories":[15],"tags":[385,389,286,383,387,386,384,571,382,388],"class_list":["post-3057","post","type-post","status-publish","format-standard","has-post-thumbnail","hentry","category-aktuality","tag-kolektivna-zaloba","tag-napravne-opatrenie","tag-obcianske-pravo","tag-ochrana-spotrebitela","tag-opravnena-osoba","tag-spotrebitel","tag-spotrebitelske-pravo","tag-sukromne-pravo","tag-zakon-o-zalobach-na-ochranu-kolektivnych-zaujmov-spotrebitelov","tag-zalobny-zamer"],"yoast_head":"<!-- This site is optimized with the Yoast SEO plugin v27.4 - https:\/\/yoast.com\/product\/yoast-seo-wordpress\/ -->\n<title>Bol prijat\u00fd z\u00e1kon o\u00a0\u017ealob\u00e1ch na ochranu kolekt\u00edvnych z\u00e1ujmov spotrebite\u013eov - LIDAY BA\u0160ARYOV\u00c1 &amp; PARTNERS | pr\u00e1vnik | advok\u00e1t | Bratislava | Ru\u017eomberok<\/title>\n<meta name=\"description\" content=\"Bol prijat\u00fd z\u00e1kon o\u00a0\u017ealob\u00e1ch na ochranu kolekt\u00edvnych z\u00e1ujmov spotrebite\u013eov. \u00da\u010dinnos\u0165 nadobudol d\u0148a 25.07.2023.\" \/>\n<meta name=\"robots\" content=\"index, follow, max-snippet:-1, max-image-preview:large, max-video-preview:-1\" \/>\n<link rel=\"canonical\" href=\"https:\/\/www.lidaybasaryova.sk\/en\/bol-prijaty-zakon-o-zalobach-na-ochranu-kolektivnych-zaujmov-spotrebitelov\/\" \/>\n<meta property=\"og:locale\" content=\"en_US\" \/>\n<meta property=\"og:type\" content=\"article\" \/>\n<meta property=\"og:title\" content=\"Bol prijat\u00fd z\u00e1kon o\u00a0\u017ealob\u00e1ch na ochranu kolekt\u00edvnych z\u00e1ujmov spotrebite\u013eov - LIDAY BA\u0160ARYOV\u00c1 &amp; PARTNERS | pr\u00e1vnik | advok\u00e1t | Bratislava | Ru\u017eomberok\" \/>\n<meta property=\"og:description\" content=\"Bol prijat\u00fd z\u00e1kon o\u00a0\u017ealob\u00e1ch na ochranu kolekt\u00edvnych z\u00e1ujmov spotrebite\u013eov. \u00da\u010dinnos\u0165 nadobudol d\u0148a 25.07.2023.\" \/>\n<meta property=\"og:url\" content=\"https:\/\/www.lidaybasaryova.sk\/en\/bol-prijaty-zakon-o-zalobach-na-ochranu-kolektivnych-zaujmov-spotrebitelov\/\" \/>\n<meta property=\"og:site_name\" content=\"LIDAY BA\u0160ARYOV\u00c1 &amp; PARTNERS | pr\u00e1vnik | advok\u00e1t | Bratislava | Ru\u017eomberok\" \/>\n<meta property=\"article:published_time\" content=\"2023-08-05T19:59:01+00:00\" \/>\n<meta property=\"article:modified_time\" content=\"2024-10-08T18:24:38+00:00\" \/>\n<meta property=\"og:image\" content=\"https:\/\/www.lidaybasaryova.sk\/wp-content\/uploads\/2021\/12\/sasun-bughdaryan-e11Oa3kvx4c-unsplash.jpg\" \/>\n\t<meta property=\"og:image:width\" content=\"640\" \/>\n\t<meta property=\"og:image:height\" content=\"427\" \/>\n\t<meta property=\"og:image:type\" content=\"image\/jpeg\" \/>\n<meta name=\"author\" content=\"editor\" \/>\n<meta name=\"twitter:card\" content=\"summary_large_image\" \/>\n<meta name=\"twitter:label1\" content=\"Written by\" \/>\n\t<meta name=\"twitter:data1\" content=\"editor\" \/>\n\t<meta name=\"twitter:label2\" content=\"Est. reading time\" \/>\n\t<meta name=\"twitter:data2\" content=\"5 minutes\" \/>\n<script type=\"application\/ld+json\" class=\"yoast-schema-graph\">{\"@context\":\"https:\\\/\\\/schema.org\",\"@graph\":[{\"@type\":\"Article\",\"@id\":\"https:\\\/\\\/www.lidaybasaryova.sk\\\/bol-prijaty-zakon-o-zalobach-na-ochranu-kolektivnych-zaujmov-spotrebitelov\\\/#article\",\"isPartOf\":{\"@id\":\"https:\\\/\\\/www.lidaybasaryova.sk\\\/bol-prijaty-zakon-o-zalobach-na-ochranu-kolektivnych-zaujmov-spotrebitelov\\\/\"},\"author\":{\"name\":\"editor\",\"@id\":\"https:\\\/\\\/www.lidaybasaryova.sk\\\/#\\\/schema\\\/person\\\/d3c5da2a9f105ceab490f45b30191535\"},\"headline\":\"Bol prijat\u00fd z\u00e1kon o\u00a0\u017ealob\u00e1ch na ochranu kolekt\u00edvnych z\u00e1ujmov spotrebite\u013eov\",\"datePublished\":\"2023-08-05T19:59:01+00:00\",\"dateModified\":\"2024-10-08T18:24:38+00:00\",\"mainEntityOfPage\":{\"@id\":\"https:\\\/\\\/www.lidaybasaryova.sk\\\/bol-prijaty-zakon-o-zalobach-na-ochranu-kolektivnych-zaujmov-spotrebitelov\\\/\"},\"wordCount\":1205,\"commentCount\":0,\"publisher\":{\"@id\":\"https:\\\/\\\/www.lidaybasaryova.sk\\\/#organization\"},\"image\":{\"@id\":\"https:\\\/\\\/www.lidaybasaryova.sk\\\/bol-prijaty-zakon-o-zalobach-na-ochranu-kolektivnych-zaujmov-spotrebitelov\\\/#primaryimage\"},\"thumbnailUrl\":\"https:\\\/\\\/www.lidaybasaryova.sk\\\/wp-content\\\/uploads\\\/2021\\\/12\\\/sasun-bughdaryan-e11Oa3kvx4c-unsplash.jpg\",\"keywords\":[\"kolekt\u00edvna \u017ealoba\",\"n\u00e1pravn\u00e9 opatrenie\",\"ob\u010dianske pr\u00e1vo\",\"ochrana spotrebite\u013ea\",\"opr\u00e1vnen\u00e1 osoba\",\"spotrebite\u013e\",\"spotrebite\u013esk\u00e9 pr\u00e1vo\",\"s\u00fakromn\u00e9 pr\u00e1vo\",\"z\u00e1kon o \u017ealob\u00e1ch na ochranu kolekt\u00edvnych z\u00e1ujmov spotrebite\u013eov\",\"\u017ealobn\u00fd z\u00e1mer\"],\"articleSection\":[\"aktuality\"],\"inLanguage\":\"en-US\",\"potentialAction\":[{\"@type\":\"CommentAction\",\"name\":\"Comment\",\"target\":[\"https:\\\/\\\/www.lidaybasaryova.sk\\\/bol-prijaty-zakon-o-zalobach-na-ochranu-kolektivnych-zaujmov-spotrebitelov\\\/#respond\"]}]},{\"@type\":\"WebPage\",\"@id\":\"https:\\\/\\\/www.lidaybasaryova.sk\\\/bol-prijaty-zakon-o-zalobach-na-ochranu-kolektivnych-zaujmov-spotrebitelov\\\/\",\"url\":\"https:\\\/\\\/www.lidaybasaryova.sk\\\/bol-prijaty-zakon-o-zalobach-na-ochranu-kolektivnych-zaujmov-spotrebitelov\\\/\",\"name\":\"Bol prijat\u00fd z\u00e1kon o\u00a0\u017ealob\u00e1ch na ochranu kolekt\u00edvnych z\u00e1ujmov spotrebite\u013eov - LIDAY BA\u0160ARYOV\u00c1 &amp; PARTNERS | pr\u00e1vnik | advok\u00e1t | Bratislava | Ru\u017eomberok\",\"isPartOf\":{\"@id\":\"https:\\\/\\\/www.lidaybasaryova.sk\\\/#website\"},\"primaryImageOfPage\":{\"@id\":\"https:\\\/\\\/www.lidaybasaryova.sk\\\/bol-prijaty-zakon-o-zalobach-na-ochranu-kolektivnych-zaujmov-spotrebitelov\\\/#primaryimage\"},\"image\":{\"@id\":\"https:\\\/\\\/www.lidaybasaryova.sk\\\/bol-prijaty-zakon-o-zalobach-na-ochranu-kolektivnych-zaujmov-spotrebitelov\\\/#primaryimage\"},\"thumbnailUrl\":\"https:\\\/\\\/www.lidaybasaryova.sk\\\/wp-content\\\/uploads\\\/2021\\\/12\\\/sasun-bughdaryan-e11Oa3kvx4c-unsplash.jpg\",\"datePublished\":\"2023-08-05T19:59:01+00:00\",\"dateModified\":\"2024-10-08T18:24:38+00:00\",\"description\":\"Bol prijat\u00fd z\u00e1kon o\u00a0\u017ealob\u00e1ch na ochranu kolekt\u00edvnych z\u00e1ujmov spotrebite\u013eov. \u00da\u010dinnos\u0165 nadobudol d\u0148a 25.07.2023.\",\"breadcrumb\":{\"@id\":\"https:\\\/\\\/www.lidaybasaryova.sk\\\/bol-prijaty-zakon-o-zalobach-na-ochranu-kolektivnych-zaujmov-spotrebitelov\\\/#breadcrumb\"},\"inLanguage\":\"en-US\",\"potentialAction\":[{\"@type\":\"ReadAction\",\"target\":[\"https:\\\/\\\/www.lidaybasaryova.sk\\\/bol-prijaty-zakon-o-zalobach-na-ochranu-kolektivnych-zaujmov-spotrebitelov\\\/\"]}]},{\"@type\":\"ImageObject\",\"inLanguage\":\"en-US\",\"@id\":\"https:\\\/\\\/www.lidaybasaryova.sk\\\/bol-prijaty-zakon-o-zalobach-na-ochranu-kolektivnych-zaujmov-spotrebitelov\\\/#primaryimage\",\"url\":\"https:\\\/\\\/www.lidaybasaryova.sk\\\/wp-content\\\/uploads\\\/2021\\\/12\\\/sasun-bughdaryan-e11Oa3kvx4c-unsplash.jpg\",\"contentUrl\":\"https:\\\/\\\/www.lidaybasaryova.sk\\\/wp-content\\\/uploads\\\/2021\\\/12\\\/sasun-bughdaryan-e11Oa3kvx4c-unsplash.jpg\",\"width\":640,\"height\":427},{\"@type\":\"BreadcrumbList\",\"@id\":\"https:\\\/\\\/www.lidaybasaryova.sk\\\/bol-prijaty-zakon-o-zalobach-na-ochranu-kolektivnych-zaujmov-spotrebitelov\\\/#breadcrumb\",\"itemListElement\":[{\"@type\":\"ListItem\",\"position\":1,\"name\":\"advok\u00e1t\",\"item\":\"https:\\\/\\\/www.lidaybasaryova.sk\\\/\"},{\"@type\":\"ListItem\",\"position\":2,\"name\":\"Bol prijat\u00fd z\u00e1kon o\u00a0\u017ealob\u00e1ch na ochranu kolekt\u00edvnych z\u00e1ujmov spotrebite\u013eov\"}]},{\"@type\":\"WebSite\",\"@id\":\"https:\\\/\\\/www.lidaybasaryova.sk\\\/#website\",\"url\":\"https:\\\/\\\/www.lidaybasaryova.sk\\\/\",\"name\":\"Liday - Ba\u0161aryov\u00e1 & Partners\",\"description\":\"advok\u00e1t | pr\u00e1vnik | pr\u00e1vne slu\u017eby | 2026\",\"publisher\":{\"@id\":\"https:\\\/\\\/www.lidaybasaryova.sk\\\/#organization\"},\"potentialAction\":[{\"@type\":\"SearchAction\",\"target\":{\"@type\":\"EntryPoint\",\"urlTemplate\":\"https:\\\/\\\/www.lidaybasaryova.sk\\\/?s={search_term_string}\"},\"query-input\":{\"@type\":\"PropertyValueSpecification\",\"valueRequired\":true,\"valueName\":\"search_term_string\"}}],\"inLanguage\":\"en-US\"},{\"@type\":\"Organization\",\"@id\":\"https:\\\/\\\/www.lidaybasaryova.sk\\\/#organization\",\"name\":\"Liday - Ba\u0161aryov\u00e1 & Partners\",\"url\":\"https:\\\/\\\/www.lidaybasaryova.sk\\\/\",\"logo\":{\"@type\":\"ImageObject\",\"inLanguage\":\"en-US\",\"@id\":\"https:\\\/\\\/www.lidaybasaryova.sk\\\/#\\\/schema\\\/logo\\\/image\\\/\",\"url\":\"https:\\\/\\\/www.lidaybasaryova.sk\\\/wp-content\\\/uploads\\\/2021\\\/02\\\/cropped-BASARY-logo-scaled-1.jpg\",\"contentUrl\":\"https:\\\/\\\/www.lidaybasaryova.sk\\\/wp-content\\\/uploads\\\/2021\\\/02\\\/cropped-BASARY-logo-scaled-1.jpg\",\"width\":2560,\"height\":1201,\"caption\":\"Liday - Ba\u0161aryov\u00e1 & Partners\"},\"image\":{\"@id\":\"https:\\\/\\\/www.lidaybasaryova.sk\\\/#\\\/schema\\\/logo\\\/image\\\/\"}},{\"@type\":\"Person\",\"@id\":\"https:\\\/\\\/www.lidaybasaryova.sk\\\/#\\\/schema\\\/person\\\/d3c5da2a9f105ceab490f45b30191535\",\"name\":\"editor\",\"image\":{\"@type\":\"ImageObject\",\"inLanguage\":\"en-US\",\"@id\":\"https:\\\/\\\/secure.gravatar.com\\\/avatar\\\/369bc0f0cfb8a7aa2b2ee63731576b08ec4fc29f9394ff1e5c74787e9ee698be?s=96&d=mm&r=g\",\"url\":\"https:\\\/\\\/secure.gravatar.com\\\/avatar\\\/369bc0f0cfb8a7aa2b2ee63731576b08ec4fc29f9394ff1e5c74787e9ee698be?s=96&d=mm&r=g\",\"contentUrl\":\"https:\\\/\\\/secure.gravatar.com\\\/avatar\\\/369bc0f0cfb8a7aa2b2ee63731576b08ec4fc29f9394ff1e5c74787e9ee698be?s=96&d=mm&r=g\",\"caption\":\"editor\"},\"url\":\"https:\\\/\\\/www.lidaybasaryova.sk\\\/en\\\/author\\\/basaryova\\\/\"}]}<\/script>\n<!-- \/ Yoast SEO plugin. -->","yoast_head_json":{"title":"Bol prijat\u00fd z\u00e1kon o\u00a0\u017ealob\u00e1ch na ochranu kolekt\u00edvnych z\u00e1ujmov spotrebite\u013eov - LIDAY BA\u0160ARYOV\u00c1 &amp; PARTNERS | pr\u00e1vnik | advok\u00e1t | Bratislava | Ru\u017eomberok","description":"A law on collective consumer interest protection lawsuits has been adopted. It came into effect on 25th of July 2023.","robots":{"index":"index","follow":"follow","max-snippet":"max-snippet:-1","max-image-preview":"max-image-preview:large","max-video-preview":"max-video-preview:-1"},"canonical":"https:\/\/www.lidaybasaryova.sk\/en\/bol-prijaty-zakon-o-zalobach-na-ochranu-kolektivnych-zaujmov-spotrebitelov\/","og_locale":"en_US","og_type":"article","og_title":"Bol prijat\u00fd z\u00e1kon o\u00a0\u017ealob\u00e1ch na ochranu kolekt\u00edvnych z\u00e1ujmov spotrebite\u013eov - LIDAY BA\u0160ARYOV\u00c1 &amp; PARTNERS | pr\u00e1vnik | advok\u00e1t | Bratislava | Ru\u017eomberok","og_description":"Bol prijat\u00fd z\u00e1kon o\u00a0\u017ealob\u00e1ch na ochranu kolekt\u00edvnych z\u00e1ujmov spotrebite\u013eov. \u00da\u010dinnos\u0165 nadobudol d\u0148a 25.07.2023.","og_url":"https:\/\/www.lidaybasaryova.sk\/en\/bol-prijaty-zakon-o-zalobach-na-ochranu-kolektivnych-zaujmov-spotrebitelov\/","og_site_name":"LIDAY BA\u0160ARYOV\u00c1 &amp; PARTNERS | pr\u00e1vnik | advok\u00e1t | Bratislava | Ru\u017eomberok","article_published_time":"2023-08-05T19:59:01+00:00","article_modified_time":"2024-10-08T18:24:38+00:00","og_image":[{"width":640,"height":427,"url":"https:\/\/www.lidaybasaryova.sk\/wp-content\/uploads\/2021\/12\/sasun-bughdaryan-e11Oa3kvx4c-unsplash.jpg","type":"image\/jpeg"}],"author":"editor","twitter_card":"summary_large_image","twitter_misc":{"Written by":"editor","Est. reading time":"5 minutes"},"schema":{"@context":"https:\/\/schema.org","@graph":[{"@type":"Article","@id":"https:\/\/www.lidaybasaryova.sk\/bol-prijaty-zakon-o-zalobach-na-ochranu-kolektivnych-zaujmov-spotrebitelov\/#article","isPartOf":{"@id":"https:\/\/www.lidaybasaryova.sk\/bol-prijaty-zakon-o-zalobach-na-ochranu-kolektivnych-zaujmov-spotrebitelov\/"},"author":{"name":"editor","@id":"https:\/\/www.lidaybasaryova.sk\/#\/schema\/person\/d3c5da2a9f105ceab490f45b30191535"},"headline":"Bol prijat\u00fd z\u00e1kon o\u00a0\u017ealob\u00e1ch na ochranu kolekt\u00edvnych z\u00e1ujmov spotrebite\u013eov","datePublished":"2023-08-05T19:59:01+00:00","dateModified":"2024-10-08T18:24:38+00:00","mainEntityOfPage":{"@id":"https:\/\/www.lidaybasaryova.sk\/bol-prijaty-zakon-o-zalobach-na-ochranu-kolektivnych-zaujmov-spotrebitelov\/"},"wordCount":1205,"commentCount":0,"publisher":{"@id":"https:\/\/www.lidaybasaryova.sk\/#organization"},"image":{"@id":"https:\/\/www.lidaybasaryova.sk\/bol-prijaty-zakon-o-zalobach-na-ochranu-kolektivnych-zaujmov-spotrebitelov\/#primaryimage"},"thumbnailUrl":"https:\/\/www.lidaybasaryova.sk\/wp-content\/uploads\/2021\/12\/sasun-bughdaryan-e11Oa3kvx4c-unsplash.jpg","keywords":["kolekt\u00edvna \u017ealoba","n\u00e1pravn\u00e9 opatrenie","ob\u010dianske pr\u00e1vo","ochrana spotrebite\u013ea","opr\u00e1vnen\u00e1 osoba","spotrebite\u013e","spotrebite\u013esk\u00e9 pr\u00e1vo","s\u00fakromn\u00e9 pr\u00e1vo","z\u00e1kon o \u017ealob\u00e1ch na ochranu kolekt\u00edvnych z\u00e1ujmov spotrebite\u013eov","\u017ealobn\u00fd z\u00e1mer"],"articleSection":["aktuality"],"inLanguage":"en-US","potentialAction":[{"@type":"CommentAction","name":"Comment","target":["https:\/\/www.lidaybasaryova.sk\/bol-prijaty-zakon-o-zalobach-na-ochranu-kolektivnych-zaujmov-spotrebitelov\/#respond"]}]},{"@type":"WebPage","@id":"https:\/\/www.lidaybasaryova.sk\/bol-prijaty-zakon-o-zalobach-na-ochranu-kolektivnych-zaujmov-spotrebitelov\/","url":"https:\/\/www.lidaybasaryova.sk\/bol-prijaty-zakon-o-zalobach-na-ochranu-kolektivnych-zaujmov-spotrebitelov\/","name":"Bol prijat\u00fd z\u00e1kon o\u00a0\u017ealob\u00e1ch na ochranu kolekt\u00edvnych z\u00e1ujmov spotrebite\u013eov - LIDAY BA\u0160ARYOV\u00c1 &amp; PARTNERS | pr\u00e1vnik | advok\u00e1t | Bratislava | Ru\u017eomberok","isPartOf":{"@id":"https:\/\/www.lidaybasaryova.sk\/#website"},"primaryImageOfPage":{"@id":"https:\/\/www.lidaybasaryova.sk\/bol-prijaty-zakon-o-zalobach-na-ochranu-kolektivnych-zaujmov-spotrebitelov\/#primaryimage"},"image":{"@id":"https:\/\/www.lidaybasaryova.sk\/bol-prijaty-zakon-o-zalobach-na-ochranu-kolektivnych-zaujmov-spotrebitelov\/#primaryimage"},"thumbnailUrl":"https:\/\/www.lidaybasaryova.sk\/wp-content\/uploads\/2021\/12\/sasun-bughdaryan-e11Oa3kvx4c-unsplash.jpg","datePublished":"2023-08-05T19:59:01+00:00","dateModified":"2024-10-08T18:24:38+00:00","description":"A law on collective consumer interest protection lawsuits has been adopted. It came into effect on 25th of July 2023.","breadcrumb":{"@id":"https:\/\/www.lidaybasaryova.sk\/bol-prijaty-zakon-o-zalobach-na-ochranu-kolektivnych-zaujmov-spotrebitelov\/#breadcrumb"},"inLanguage":"en-US","potentialAction":[{"@type":"ReadAction","target":["https:\/\/www.lidaybasaryova.sk\/bol-prijaty-zakon-o-zalobach-na-ochranu-kolektivnych-zaujmov-spotrebitelov\/"]}]},{"@type":"ImageObject","inLanguage":"en-US","@id":"https:\/\/www.lidaybasaryova.sk\/bol-prijaty-zakon-o-zalobach-na-ochranu-kolektivnych-zaujmov-spotrebitelov\/#primaryimage","url":"https:\/\/www.lidaybasaryova.sk\/wp-content\/uploads\/2021\/12\/sasun-bughdaryan-e11Oa3kvx4c-unsplash.jpg","contentUrl":"https:\/\/www.lidaybasaryova.sk\/wp-content\/uploads\/2021\/12\/sasun-bughdaryan-e11Oa3kvx4c-unsplash.jpg","width":640,"height":427},{"@type":"BreadcrumbList","@id":"https:\/\/www.lidaybasaryova.sk\/bol-prijaty-zakon-o-zalobach-na-ochranu-kolektivnych-zaujmov-spotrebitelov\/#breadcrumb","itemListElement":[{"@type":"ListItem","position":1,"name":"advok\u00e1t","item":"https:\/\/www.lidaybasaryova.sk\/"},{"@type":"ListItem","position":2,"name":"Bol prijat\u00fd z\u00e1kon o\u00a0\u017ealob\u00e1ch na ochranu kolekt\u00edvnych z\u00e1ujmov spotrebite\u013eov"}]},{"@type":"WebSite","@id":"https:\/\/www.lidaybasaryova.sk\/#website","url":"https:\/\/www.lidaybasaryova.sk\/","name":"Liday - Ba\u0161aryov\u00e1 & Partners","description":"advok\u00e1t | pr\u00e1vnik | pr\u00e1vne slu\u017eby | 2026","publisher":{"@id":"https:\/\/www.lidaybasaryova.sk\/#organization"},"potentialAction":[{"@type":"SearchAction","target":{"@type":"EntryPoint","urlTemplate":"https:\/\/www.lidaybasaryova.sk\/?s={search_term_string}"},"query-input":{"@type":"PropertyValueSpecification","valueRequired":true,"valueName":"search_term_string"}}],"inLanguage":"en-US"},{"@type":"Organization","@id":"https:\/\/www.lidaybasaryova.sk\/#organization","name":"Liday - Ba\u0161aryov\u00e1 & Partners","url":"https:\/\/www.lidaybasaryova.sk\/","logo":{"@type":"ImageObject","inLanguage":"en-US","@id":"https:\/\/www.lidaybasaryova.sk\/#\/schema\/logo\/image\/","url":"https:\/\/www.lidaybasaryova.sk\/wp-content\/uploads\/2021\/02\/cropped-BASARY-logo-scaled-1.jpg","contentUrl":"https:\/\/www.lidaybasaryova.sk\/wp-content\/uploads\/2021\/02\/cropped-BASARY-logo-scaled-1.jpg","width":2560,"height":1201,"caption":"Liday - Ba\u0161aryov\u00e1 & Partners"},"image":{"@id":"https:\/\/www.lidaybasaryova.sk\/#\/schema\/logo\/image\/"}},{"@type":"Person","@id":"https:\/\/www.lidaybasaryova.sk\/#\/schema\/person\/d3c5da2a9f105ceab490f45b30191535","name":"editor","image":{"@type":"ImageObject","inLanguage":"en-US","@id":"https:\/\/secure.gravatar.com\/avatar\/369bc0f0cfb8a7aa2b2ee63731576b08ec4fc29f9394ff1e5c74787e9ee698be?s=96&d=mm&r=g","url":"https:\/\/secure.gravatar.com\/avatar\/369bc0f0cfb8a7aa2b2ee63731576b08ec4fc29f9394ff1e5c74787e9ee698be?s=96&d=mm&r=g","contentUrl":"https:\/\/secure.gravatar.com\/avatar\/369bc0f0cfb8a7aa2b2ee63731576b08ec4fc29f9394ff1e5c74787e9ee698be?s=96&d=mm&r=g","caption":"editor"},"url":"https:\/\/www.lidaybasaryova.sk\/en\/author\/basaryova\/"}]}},"jetpack_featured_media_url":"https:\/\/www.lidaybasaryova.sk\/wp-content\/uploads\/2021\/12\/sasun-bughdaryan-e11Oa3kvx4c-unsplash.jpg","jetpack_sharing_enabled":true,"_links":{"self":[{"href":"https:\/\/www.lidaybasaryova.sk\/en\/wp-json\/wp\/v2\/posts\/3057","targetHints":{"allow":["GET"]}}],"collection":[{"href":"https:\/\/www.lidaybasaryova.sk\/en\/wp-json\/wp\/v2\/posts"}],"about":[{"href":"https:\/\/www.lidaybasaryova.sk\/en\/wp-json\/wp\/v2\/types\/post"}],"author":[{"embeddable":true,"href":"https:\/\/www.lidaybasaryova.sk\/en\/wp-json\/wp\/v2\/users\/2"}],"replies":[{"embeddable":true,"href":"https:\/\/www.lidaybasaryova.sk\/en\/wp-json\/wp\/v2\/comments?post=3057"}],"version-history":[{"count":11,"href":"https:\/\/www.lidaybasaryova.sk\/en\/wp-json\/wp\/v2\/posts\/3057\/revisions"}],"predecessor-version":[{"id":3648,"href":"https:\/\/www.lidaybasaryova.sk\/en\/wp-json\/wp\/v2\/posts\/3057\/revisions\/3648"}],"wp:featuredmedia":[{"embeddable":true,"href":"https:\/\/www.lidaybasaryova.sk\/en\/wp-json\/wp\/v2\/media\/1858"}],"wp:attachment":[{"href":"https:\/\/www.lidaybasaryova.sk\/en\/wp-json\/wp\/v2\/media?parent=3057"}],"wp:term":[{"taxonomy":"category","embeddable":true,"href":"https:\/\/www.lidaybasaryova.sk\/en\/wp-json\/wp\/v2\/categories?post=3057"},{"taxonomy":"post_tag","embeddable":true,"href":"https:\/\/www.lidaybasaryova.sk\/en\/wp-json\/wp\/v2\/tags?post=3057"}],"curies":[{"name":"wp","href":"https:\/\/api.w.org\/{rel}","templated":true}]}}