{"id":2037,"date":"2022-03-08T20:56:22","date_gmt":"2022-03-08T19:56:22","guid":{"rendered":"https:\/\/www.lidaybasaryova.sk\/?p=2037"},"modified":"2024-10-02T18:51:04","modified_gmt":"2024-10-02T17:51:04","slug":"podpora-v-case-skratenej-prace-kurzarbeit-od-01-03-2022","status":"publish","type":"post","link":"https:\/\/www.lidaybasaryova.sk\/en\/podpora-v-case-skratenej-prace-kurzarbeit-od-01-03-2022\/","title":{"rendered":"Support in the times of short-time work (Kurzarbeit) from 01.03.2022"},"content":{"rendered":"<p>Podpora v \u010dase skr\u00e1tenej pr\u00e1ce je spusten\u00e1. 01.03.2022 nadobudol \u00fa\u010dinnos\u0165 z\u00e1kona \u010d. 215\/2021 Z. z. o&nbsp;podpore v&nbsp;\u010dase skr\u00e1tenej pr\u00e1ce. Z\u00e1kon o&nbsp;podpore v&nbsp;\u010dase skr\u00e1tenej pr\u00e1ce upravuje poskytovanie podpory v \u010dase skr\u00e1tenej pr\u00e1ce na \u010diasto\u010dn\u00fa \u00fahradu n\u00e1kladov zamestn\u00e1vate\u013ea na n\u00e1hradu mzdy zamestnanca v \u010dase trvania vonkaj\u0161ieho faktora, vplyvom ktor\u00e9ho do\u0161lo k obmedzeniu \u010dinnosti zamestn\u00e1vate\u013ea.<\/p>\n\n\n\n<h3 id=\"wp-block-themeisle-blocks-advanced-heading-3cf01a5e\" class=\"wp-block-themeisle-blocks-advanced-heading wp-block-themeisle-blocks-advanced-heading-3cf01a5e\">Vonkaj\u0161\u00ed faktor na \u00fa\u010del podpory v \u010dase skr\u00e1tenej pr\u00e1ce<\/h3>\n\n\n\n<p>Vonkaj\u0161\u00edm faktorom je faktor, ktor\u00fd m\u00e1 do\u010dasn\u00fd charakter, zamestn\u00e1vate\u013e ho nemohol ovplyvni\u0165 alebo mu nemohol pred\u00eds\u0165. A z\u00e1rove\u0148 m\u00e1 negat\u00edvny vplyv na pride\u013eovanie pr\u00e1ce zamestnancom zamestn\u00e1vate\u013eom. Vonkaj\u0161\u00edm faktorom je najm\u00e4 mimoriadna situ\u00e1cia, v\u00fdnimo\u010dn\u00fd stav alebo n\u00fadzov\u00fd stav, mimoriadna okolnos\u0165 alebo okolnosti vy\u0161\u0161ej moci. Naopak, za vonkaj\u0161\u00ed faktor sa nepova\u017euje \u010das vojny a vojnov\u00e9ho stavu, sez\u00f3nnos\u0165 vykon\u00e1vanej \u010dinnosti, re\u0161trukturaliz\u00e1cia, pl\u00e1novan\u00e1 odst\u00e1vka alebo rekon\u0161trukcia.<\/p>\n\n\n\n<h3 id=\"wp-block-themeisle-blocks-advanced-heading-abe4d681\" class=\"wp-block-themeisle-blocks-advanced-heading wp-block-themeisle-blocks-advanced-heading-abe4d681\">Kto m\u00e1 n\u00e1rok na podporu v \u010dase skr\u00e1tenej pr\u00e1ce<\/h3>\n\n\n\n<p>Podpora v \u010dase skr\u00e1tenej pr\u00e1ce sa poskytuje zamestn\u00e1vate\u013eovi, ktor\u00fd:<\/p>\n\n\n\n<ul class=\"wp-block-list\">\n<li>je v \u010dase skr\u00e1tenej pr\u00e1ce (teda vplyvom vonkaj\u0161ieho faktora m\u00e1 obmedzen\u00fa \u010dinnos\u0165),<\/li>\n\n\n\n<li>odviedol ku d\u0148u podania \u017eiadosti o poskytnutie podpory poistn\u00e9 na soci\u00e1lne poistenie a povinn\u00e9 pr\u00edspevky na starobn\u00e9 d\u00f4chodkov\u00e9 sporenie za cel\u00e9 obdobie trvania povinnosti odv\u00e1dza\u0165 poistn\u00e9 na soci\u00e1lne poistenie a povinn\u00e9 pr\u00edspevky na starobn\u00e9 d\u00f4chodkov\u00e9 sporenie, ktor\u00e9 trvalo najmenej 24 kalend\u00e1rnych mesiacov bezprostredne predch\u00e1dzaj\u00facich kalend\u00e1rnemu mesiacu, za ktor\u00fd zamestn\u00e1vate\u013e \u017eiada o poskytnutie podpory,<\/li>\n\n\n\n<li>a tie\u017e neporu\u0161il z\u00e1kaz neleg\u00e1lneho zamestn\u00e1vania v obdob\u00ed dvoch rokov pred podan\u00edm \u017eiadosti o poskytnutie podpory<\/li>\n\n\n\n<li>m\u00e1 uzatvoren\u00fa p\u00edsomn\u00fa dohodu so z\u00e1stupcami zamestnancov alebo so zamestnancom, ak u zamestn\u00e1vate\u013ea nep\u00f4sobia z\u00e1stupcovia zamestnancov, o tom, \u017ee zamestn\u00e1vate\u013e po\u017eiada o poskytnutie podpory, alebo m\u00e1 s\u00fahlas rozhodcu pod\u013ea Z\u00e1konn\u00edka pr\u00e1ce s podan\u00edm \u017eiadosti o poskytnutie podpory alebo po\u017eiada o poskytnutie podpory najnesk\u00f4r do konca kalend\u00e1rneho mesiaca nasleduj\u00faceho po kalend\u00e1rnom mesiaci, za ktor\u00fd \u017eiada o poskytnutie podpory<\/li>\n\n\n\n<li><strong>ne\u017eiada o\u00a0podporu, ak<\/strong> pober\u00e1 <strong>in\u00fd pr\u00edspevok na ten ist\u00fd \u00fa\u010del<\/strong> alebo na tie ist\u00e9 mzdov\u00e9 n\u00e1klady<\/li>\n\n\n\n<li>pracovn\u00fd pomer u\u00a0zamestnanca (zachovanie pracovn\u00e9ho miesta ktor\u00e9ho sa podporuje) trval aspo\u0148 jeden mesiac, neplynie mu v\u00fdpovedn\u00e1 doba, m\u00e1 vy\u010derpan\u00fa dovolenku za predch\u00e1dzaj\u00faci kalend\u00e1rny rok, m\u00e1 vy\u010derpan\u00fd kladn\u00fd \u00fa\u010det konta pracovn\u00e9ho \u010dasu (ak je u\u00a0zamestn\u00e1vate\u013ea zaveden\u00e9), zamestn\u00e1vate\u013e ho nem\u00f4\u017ee preradi\u0165 na in\u00fa pr\u00e1cu v r\u00e1mci dohodnut\u00e9ho druhu pr\u00e1ce a zamestn\u00e1vate\u013e na neho nepober\u00e1 pr\u00edspevok na rovnak\u00e9 opr\u00e1vnen\u00e9 n\u00e1klady<\/li>\n<\/ul>\n\n\n\n<p>\u010eal\u0161ie inform\u00e1cie n\u00e1jdete aj na <a href=\"https:\/\/www.skratenapraca.gov.sk\/index.html\">webe, ktor\u00fdm o pr\u00edspevku v \u010dase skr\u00e1tenej pr\u00e1ce informuje Ministerstvo pr\u00e1ce, soci\u00e1lnych vec\u00ed a rodiny<\/a>. <\/p>\n\n\n\n<h3 id=\"wp-block-themeisle-blocks-advanced-heading-f2035cd5\" class=\"wp-block-themeisle-blocks-advanced-heading wp-block-themeisle-blocks-advanced-heading-f2035cd5\">What We Can Do for You?<\/h3>\n\n\n\n<ul class=\"wp-block-list\">\n<li>komplexn\u00e9 pr\u00e1vne poradenstvo v oblasti pracovn\u00e9ho pr\u00e1va<\/li>\n\n\n\n<li>pomoc so \u017eiados\u0165ou o podporu v \u010dase skr\u00e1tenej pr\u00e1ce<\/li>\n\n\n\n<li>zastupovanie zamestn\u00e1vate\u013eov aj zamestnancov v pracovnopr\u00e1vnych sporoch<\/li>\n<\/ul>\n\n\n\n<h3 id=\"wp-block-themeisle-blocks-advanced-heading-ff85490a\" class=\"wp-block-themeisle-blocks-advanced-heading wp-block-themeisle-blocks-advanced-heading-ff85490a\">Also read:<\/h3>\n\n\n\n<p><a href=\"https:\/\/www.lidaybasaryova.sk\/en\/zaloba-na-odvratenie-hroziacej-skody\/\">Action to avert imminent damage in Slovakia<\/a><\/p>\n\n\n\n<p><a href=\"https:\/\/www.lidaybasaryova.sk\/en\/2022-ako-podat-navrh-na-dodatocne-konanie-o-dedicstve\/\">How to submit a proposal for supplementary inheritance proceedings?<\/a><\/p>\n\n\n\n<p><\/p>","protected":false},"excerpt":{"rendered":"<p>Support during short-time working will be implemented on the basis of Act No. 215\/2021 Coll. on support during short-time working. This Act enters into force on 1st of March, 2022.<\/p>","protected":false},"author":2,"featured_media":980,"comment_status":"open","ping_status":"open","sticky":false,"template":"","format":"standard","meta":{"_eb_attr":"","neve_meta_sidebar":"","neve_meta_container":"","neve_meta_enable_content_width":"","neve_meta_content_width":0,"neve_meta_title_alignment":"","neve_meta_author_avatar":"","neve_post_elements_order":"","neve_meta_disable_header":"","neve_meta_disable_footer":"","neve_meta_disable_title":"","_themeisle_gutenberg_block_has_review":false,"_jetpack_memberships_contains_paid_content":false,"footnotes":""},"categories":[15],"tags":[218,168,217,219,297,221,220],"class_list":["post-2037","post","type-post","status-publish","format-standard","has-post-thumbnail","hentry","category-aktuality","tag-kurzarbeit","tag-legislativa","tag-podpora-v-case-skratenej-prace","tag-pracovne-pravo","tag-zakonnik-prace","tag-zamestnanec","tag-zamestnavatel"],"yoast_head":"<!-- This site is optimized with the Yoast SEO plugin v27.4 - https:\/\/yoast.com\/product\/yoast-seo-wordpress\/ -->\n<title>Podpora v\u00a0\u010dase skr\u00e1tenej pr\u00e1ce (Kurzarbeit) od 01.03.2022 - LIDAY BA\u0160ARYOV\u00c1 &amp; PARTNERS | pr\u00e1vnik | advok\u00e1t | Bratislava | Ru\u017eomberok<\/title>\n<meta name=\"description\" content=\"Podpora v\u00a0\u010dase skr\u00e1tenej pr\u00e1ce (Kurzarbeit) od 01.03.2022\" \/>\n<meta name=\"robots\" content=\"index, follow, max-snippet:-1, max-image-preview:large, max-video-preview:-1\" \/>\n<link rel=\"canonical\" href=\"https:\/\/www.lidaybasaryova.sk\/en\/podpora-v-case-skratenej-prace-kurzarbeit-od-01-03-2022\/\" \/>\n<meta property=\"og:locale\" content=\"en_US\" \/>\n<meta property=\"og:type\" content=\"article\" \/>\n<meta property=\"og:title\" content=\"Podpora v\u00a0\u010dase skr\u00e1tenej pr\u00e1ce (Kurzarbeit) od 01.03.2022 - LIDAY BA\u0160ARYOV\u00c1 &amp; PARTNERS | pr\u00e1vnik | advok\u00e1t | Bratislava | Ru\u017eomberok\" \/>\n<meta property=\"og:description\" content=\"Podpora v\u00a0\u010dase skr\u00e1tenej pr\u00e1ce (Kurzarbeit) od 01.03.2022\" \/>\n<meta property=\"og:url\" content=\"https:\/\/www.lidaybasaryova.sk\/en\/podpora-v-case-skratenej-prace-kurzarbeit-od-01-03-2022\/\" \/>\n<meta property=\"og:site_name\" content=\"LIDAY BA\u0160ARYOV\u00c1 &amp; PARTNERS | pr\u00e1vnik | advok\u00e1t | Bratislava | Ru\u017eomberok\" \/>\n<meta property=\"article:published_time\" content=\"2022-03-08T19:56:22+00:00\" \/>\n<meta property=\"article:modified_time\" content=\"2024-10-02T17:51:04+00:00\" \/>\n<meta property=\"og:image\" content=\"https:\/\/www.lidaybasaryova.sk\/wp-content\/uploads\/2021\/06\/ibrahim-boran-kkACMU0GYko-unsplash.jpg\" \/>\n\t<meta property=\"og:image:width\" content=\"640\" \/>\n\t<meta property=\"og:image:height\" content=\"427\" \/>\n\t<meta property=\"og:image:type\" content=\"image\/jpeg\" \/>\n<meta name=\"author\" content=\"editor\" \/>\n<meta name=\"twitter:card\" content=\"summary_large_image\" \/>\n<meta name=\"twitter:label1\" content=\"Written by\" \/>\n\t<meta name=\"twitter:data1\" content=\"editor\" \/>\n\t<meta name=\"twitter:label2\" content=\"Est. reading time\" \/>\n\t<meta name=\"twitter:data2\" content=\"3 minutes\" \/>\n<script type=\"application\/ld+json\" class=\"yoast-schema-graph\">{\"@context\":\"https:\\\/\\\/schema.org\",\"@graph\":[{\"@type\":\"Article\",\"@id\":\"https:\\\/\\\/www.lidaybasaryova.sk\\\/podpora-v-case-skratenej-prace-kurzarbeit-od-01-03-2022\\\/#article\",\"isPartOf\":{\"@id\":\"https:\\\/\\\/www.lidaybasaryova.sk\\\/podpora-v-case-skratenej-prace-kurzarbeit-od-01-03-2022\\\/\"},\"author\":{\"name\":\"editor\",\"@id\":\"https:\\\/\\\/www.lidaybasaryova.sk\\\/#\\\/schema\\\/person\\\/d3c5da2a9f105ceab490f45b30191535\"},\"headline\":\"Podpora v\u00a0\u010dase skr\u00e1tenej pr\u00e1ce (Kurzarbeit) od 01.03.2022\",\"datePublished\":\"2022-03-08T19:56:22+00:00\",\"dateModified\":\"2024-10-02T17:51:04+00:00\",\"mainEntityOfPage\":{\"@id\":\"https:\\\/\\\/www.lidaybasaryova.sk\\\/podpora-v-case-skratenej-prace-kurzarbeit-od-01-03-2022\\\/\"},\"wordCount\":575,\"commentCount\":0,\"publisher\":{\"@id\":\"https:\\\/\\\/www.lidaybasaryova.sk\\\/#organization\"},\"image\":{\"@id\":\"https:\\\/\\\/www.lidaybasaryova.sk\\\/podpora-v-case-skratenej-prace-kurzarbeit-od-01-03-2022\\\/#primaryimage\"},\"thumbnailUrl\":\"https:\\\/\\\/www.lidaybasaryova.sk\\\/wp-content\\\/uploads\\\/2021\\\/06\\\/ibrahim-boran-kkACMU0GYko-unsplash.jpg\",\"keywords\":[\"kurzarbeit\",\"legislat\u00edva\",\"podpora v \u010dase skr\u00e1tenej pr\u00e1ce\",\"pracovn\u00e9 pr\u00e1vo\",\"Z\u00e1konn\u00edk pr\u00e1ce\",\"zamestnanec\",\"zamestn\u00e1vate\u013e\"],\"articleSection\":[\"aktuality\"],\"inLanguage\":\"en-US\",\"potentialAction\":[{\"@type\":\"CommentAction\",\"name\":\"Comment\",\"target\":[\"https:\\\/\\\/www.lidaybasaryova.sk\\\/podpora-v-case-skratenej-prace-kurzarbeit-od-01-03-2022\\\/#respond\"]}]},{\"@type\":\"WebPage\",\"@id\":\"https:\\\/\\\/www.lidaybasaryova.sk\\\/podpora-v-case-skratenej-prace-kurzarbeit-od-01-03-2022\\\/\",\"url\":\"https:\\\/\\\/www.lidaybasaryova.sk\\\/podpora-v-case-skratenej-prace-kurzarbeit-od-01-03-2022\\\/\",\"name\":\"Podpora v\u00a0\u010dase skr\u00e1tenej pr\u00e1ce (Kurzarbeit) od 01.03.2022 - LIDAY BA\u0160ARYOV\u00c1 &amp; PARTNERS | pr\u00e1vnik | advok\u00e1t | Bratislava | Ru\u017eomberok\",\"isPartOf\":{\"@id\":\"https:\\\/\\\/www.lidaybasaryova.sk\\\/#website\"},\"primaryImageOfPage\":{\"@id\":\"https:\\\/\\\/www.lidaybasaryova.sk\\\/podpora-v-case-skratenej-prace-kurzarbeit-od-01-03-2022\\\/#primaryimage\"},\"image\":{\"@id\":\"https:\\\/\\\/www.lidaybasaryova.sk\\\/podpora-v-case-skratenej-prace-kurzarbeit-od-01-03-2022\\\/#primaryimage\"},\"thumbnailUrl\":\"https:\\\/\\\/www.lidaybasaryova.sk\\\/wp-content\\\/uploads\\\/2021\\\/06\\\/ibrahim-boran-kkACMU0GYko-unsplash.jpg\",\"datePublished\":\"2022-03-08T19:56:22+00:00\",\"dateModified\":\"2024-10-02T17:51:04+00:00\",\"description\":\"Podpora v\u00a0\u010dase skr\u00e1tenej pr\u00e1ce (Kurzarbeit) od 01.03.2022\",\"breadcrumb\":{\"@id\":\"https:\\\/\\\/www.lidaybasaryova.sk\\\/podpora-v-case-skratenej-prace-kurzarbeit-od-01-03-2022\\\/#breadcrumb\"},\"inLanguage\":\"en-US\",\"potentialAction\":[{\"@type\":\"ReadAction\",\"target\":[\"https:\\\/\\\/www.lidaybasaryova.sk\\\/podpora-v-case-skratenej-prace-kurzarbeit-od-01-03-2022\\\/\"]}]},{\"@type\":\"ImageObject\",\"inLanguage\":\"en-US\",\"@id\":\"https:\\\/\\\/www.lidaybasaryova.sk\\\/podpora-v-case-skratenej-prace-kurzarbeit-od-01-03-2022\\\/#primaryimage\",\"url\":\"https:\\\/\\\/www.lidaybasaryova.sk\\\/wp-content\\\/uploads\\\/2021\\\/06\\\/ibrahim-boran-kkACMU0GYko-unsplash.jpg\",\"contentUrl\":\"https:\\\/\\\/www.lidaybasaryova.sk\\\/wp-content\\\/uploads\\\/2021\\\/06\\\/ibrahim-boran-kkACMU0GYko-unsplash.jpg\",\"width\":640,\"height\":427},{\"@type\":\"BreadcrumbList\",\"@id\":\"https:\\\/\\\/www.lidaybasaryova.sk\\\/podpora-v-case-skratenej-prace-kurzarbeit-od-01-03-2022\\\/#breadcrumb\",\"itemListElement\":[{\"@type\":\"ListItem\",\"position\":1,\"name\":\"advok\u00e1t\",\"item\":\"https:\\\/\\\/www.lidaybasaryova.sk\\\/\"},{\"@type\":\"ListItem\",\"position\":2,\"name\":\"Podpora v\u00a0\u010dase skr\u00e1tenej pr\u00e1ce (Kurzarbeit) od 01.03.2022\"}]},{\"@type\":\"WebSite\",\"@id\":\"https:\\\/\\\/www.lidaybasaryova.sk\\\/#website\",\"url\":\"https:\\\/\\\/www.lidaybasaryova.sk\\\/\",\"name\":\"Liday - Ba\u0161aryov\u00e1 & Partners\",\"description\":\"advok\u00e1t | pr\u00e1vnik | pr\u00e1vne slu\u017eby | 2026\",\"publisher\":{\"@id\":\"https:\\\/\\\/www.lidaybasaryova.sk\\\/#organization\"},\"potentialAction\":[{\"@type\":\"SearchAction\",\"target\":{\"@type\":\"EntryPoint\",\"urlTemplate\":\"https:\\\/\\\/www.lidaybasaryova.sk\\\/?s={search_term_string}\"},\"query-input\":{\"@type\":\"PropertyValueSpecification\",\"valueRequired\":true,\"valueName\":\"search_term_string\"}}],\"inLanguage\":\"en-US\"},{\"@type\":\"Organization\",\"@id\":\"https:\\\/\\\/www.lidaybasaryova.sk\\\/#organization\",\"name\":\"Liday - Ba\u0161aryov\u00e1 & Partners\",\"url\":\"https:\\\/\\\/www.lidaybasaryova.sk\\\/\",\"logo\":{\"@type\":\"ImageObject\",\"inLanguage\":\"en-US\",\"@id\":\"https:\\\/\\\/www.lidaybasaryova.sk\\\/#\\\/schema\\\/logo\\\/image\\\/\",\"url\":\"https:\\\/\\\/www.lidaybasaryova.sk\\\/wp-content\\\/uploads\\\/2021\\\/02\\\/cropped-BASARY-logo-scaled-1.jpg\",\"contentUrl\":\"https:\\\/\\\/www.lidaybasaryova.sk\\\/wp-content\\\/uploads\\\/2021\\\/02\\\/cropped-BASARY-logo-scaled-1.jpg\",\"width\":2560,\"height\":1201,\"caption\":\"Liday - Ba\u0161aryov\u00e1 & Partners\"},\"image\":{\"@id\":\"https:\\\/\\\/www.lidaybasaryova.sk\\\/#\\\/schema\\\/logo\\\/image\\\/\"}},{\"@type\":\"Person\",\"@id\":\"https:\\\/\\\/www.lidaybasaryova.sk\\\/#\\\/schema\\\/person\\\/d3c5da2a9f105ceab490f45b30191535\",\"name\":\"editor\",\"image\":{\"@type\":\"ImageObject\",\"inLanguage\":\"en-US\",\"@id\":\"https:\\\/\\\/secure.gravatar.com\\\/avatar\\\/369bc0f0cfb8a7aa2b2ee63731576b08ec4fc29f9394ff1e5c74787e9ee698be?s=96&d=mm&r=g\",\"url\":\"https:\\\/\\\/secure.gravatar.com\\\/avatar\\\/369bc0f0cfb8a7aa2b2ee63731576b08ec4fc29f9394ff1e5c74787e9ee698be?s=96&d=mm&r=g\",\"contentUrl\":\"https:\\\/\\\/secure.gravatar.com\\\/avatar\\\/369bc0f0cfb8a7aa2b2ee63731576b08ec4fc29f9394ff1e5c74787e9ee698be?s=96&d=mm&r=g\",\"caption\":\"editor\"},\"url\":\"https:\\\/\\\/www.lidaybasaryova.sk\\\/en\\\/author\\\/basaryova\\\/\"}]}<\/script>\n<!-- \/ Yoast SEO plugin. -->","yoast_head_json":{"title":"Podpora v\u00a0\u010dase skr\u00e1tenej pr\u00e1ce (Kurzarbeit) od 01.03.2022 - LIDAY BA\u0160ARYOV\u00c1 &amp; PARTNERS | pr\u00e1vnik | advok\u00e1t | Bratislava | Ru\u017eomberok","description":"Support in the times of short-time work (Kurzarbeit) from 01.03.2022","robots":{"index":"index","follow":"follow","max-snippet":"max-snippet:-1","max-image-preview":"max-image-preview:large","max-video-preview":"max-video-preview:-1"},"canonical":"https:\/\/www.lidaybasaryova.sk\/en\/podpora-v-case-skratenej-prace-kurzarbeit-od-01-03-2022\/","og_locale":"en_US","og_type":"article","og_title":"Podpora v\u00a0\u010dase skr\u00e1tenej pr\u00e1ce (Kurzarbeit) od 01.03.2022 - LIDAY BA\u0160ARYOV\u00c1 &amp; PARTNERS | pr\u00e1vnik | advok\u00e1t | Bratislava | Ru\u017eomberok","og_description":"Podpora v\u00a0\u010dase skr\u00e1tenej pr\u00e1ce (Kurzarbeit) od 01.03.2022","og_url":"https:\/\/www.lidaybasaryova.sk\/en\/podpora-v-case-skratenej-prace-kurzarbeit-od-01-03-2022\/","og_site_name":"LIDAY BA\u0160ARYOV\u00c1 &amp; PARTNERS | pr\u00e1vnik | advok\u00e1t | Bratislava | Ru\u017eomberok","article_published_time":"2022-03-08T19:56:22+00:00","article_modified_time":"2024-10-02T17:51:04+00:00","og_image":[{"width":640,"height":427,"url":"https:\/\/www.lidaybasaryova.sk\/wp-content\/uploads\/2021\/06\/ibrahim-boran-kkACMU0GYko-unsplash.jpg","type":"image\/jpeg"}],"author":"editor","twitter_card":"summary_large_image","twitter_misc":{"Written by":"editor","Est. reading time":"3 minutes"},"schema":{"@context":"https:\/\/schema.org","@graph":[{"@type":"Article","@id":"https:\/\/www.lidaybasaryova.sk\/podpora-v-case-skratenej-prace-kurzarbeit-od-01-03-2022\/#article","isPartOf":{"@id":"https:\/\/www.lidaybasaryova.sk\/podpora-v-case-skratenej-prace-kurzarbeit-od-01-03-2022\/"},"author":{"name":"editor","@id":"https:\/\/www.lidaybasaryova.sk\/#\/schema\/person\/d3c5da2a9f105ceab490f45b30191535"},"headline":"Podpora v\u00a0\u010dase skr\u00e1tenej pr\u00e1ce (Kurzarbeit) od 01.03.2022","datePublished":"2022-03-08T19:56:22+00:00","dateModified":"2024-10-02T17:51:04+00:00","mainEntityOfPage":{"@id":"https:\/\/www.lidaybasaryova.sk\/podpora-v-case-skratenej-prace-kurzarbeit-od-01-03-2022\/"},"wordCount":575,"commentCount":0,"publisher":{"@id":"https:\/\/www.lidaybasaryova.sk\/#organization"},"image":{"@id":"https:\/\/www.lidaybasaryova.sk\/podpora-v-case-skratenej-prace-kurzarbeit-od-01-03-2022\/#primaryimage"},"thumbnailUrl":"https:\/\/www.lidaybasaryova.sk\/wp-content\/uploads\/2021\/06\/ibrahim-boran-kkACMU0GYko-unsplash.jpg","keywords":["kurzarbeit","legislat\u00edva","podpora v \u010dase skr\u00e1tenej pr\u00e1ce","pracovn\u00e9 pr\u00e1vo","Z\u00e1konn\u00edk pr\u00e1ce","zamestnanec","zamestn\u00e1vate\u013e"],"articleSection":["aktuality"],"inLanguage":"en-US","potentialAction":[{"@type":"CommentAction","name":"Comment","target":["https:\/\/www.lidaybasaryova.sk\/podpora-v-case-skratenej-prace-kurzarbeit-od-01-03-2022\/#respond"]}]},{"@type":"WebPage","@id":"https:\/\/www.lidaybasaryova.sk\/podpora-v-case-skratenej-prace-kurzarbeit-od-01-03-2022\/","url":"https:\/\/www.lidaybasaryova.sk\/podpora-v-case-skratenej-prace-kurzarbeit-od-01-03-2022\/","name":"Podpora v\u00a0\u010dase skr\u00e1tenej pr\u00e1ce (Kurzarbeit) od 01.03.2022 - LIDAY BA\u0160ARYOV\u00c1 &amp; PARTNERS | pr\u00e1vnik | advok\u00e1t | Bratislava | Ru\u017eomberok","isPartOf":{"@id":"https:\/\/www.lidaybasaryova.sk\/#website"},"primaryImageOfPage":{"@id":"https:\/\/www.lidaybasaryova.sk\/podpora-v-case-skratenej-prace-kurzarbeit-od-01-03-2022\/#primaryimage"},"image":{"@id":"https:\/\/www.lidaybasaryova.sk\/podpora-v-case-skratenej-prace-kurzarbeit-od-01-03-2022\/#primaryimage"},"thumbnailUrl":"https:\/\/www.lidaybasaryova.sk\/wp-content\/uploads\/2021\/06\/ibrahim-boran-kkACMU0GYko-unsplash.jpg","datePublished":"2022-03-08T19:56:22+00:00","dateModified":"2024-10-02T17:51:04+00:00","description":"Support in the times of short-time work (Kurzarbeit) from 01.03.2022","breadcrumb":{"@id":"https:\/\/www.lidaybasaryova.sk\/podpora-v-case-skratenej-prace-kurzarbeit-od-01-03-2022\/#breadcrumb"},"inLanguage":"en-US","potentialAction":[{"@type":"ReadAction","target":["https:\/\/www.lidaybasaryova.sk\/podpora-v-case-skratenej-prace-kurzarbeit-od-01-03-2022\/"]}]},{"@type":"ImageObject","inLanguage":"en-US","@id":"https:\/\/www.lidaybasaryova.sk\/podpora-v-case-skratenej-prace-kurzarbeit-od-01-03-2022\/#primaryimage","url":"https:\/\/www.lidaybasaryova.sk\/wp-content\/uploads\/2021\/06\/ibrahim-boran-kkACMU0GYko-unsplash.jpg","contentUrl":"https:\/\/www.lidaybasaryova.sk\/wp-content\/uploads\/2021\/06\/ibrahim-boran-kkACMU0GYko-unsplash.jpg","width":640,"height":427},{"@type":"BreadcrumbList","@id":"https:\/\/www.lidaybasaryova.sk\/podpora-v-case-skratenej-prace-kurzarbeit-od-01-03-2022\/#breadcrumb","itemListElement":[{"@type":"ListItem","position":1,"name":"advok\u00e1t","item":"https:\/\/www.lidaybasaryova.sk\/"},{"@type":"ListItem","position":2,"name":"Podpora v\u00a0\u010dase skr\u00e1tenej pr\u00e1ce (Kurzarbeit) od 01.03.2022"}]},{"@type":"WebSite","@id":"https:\/\/www.lidaybasaryova.sk\/#website","url":"https:\/\/www.lidaybasaryova.sk\/","name":"Liday - Ba\u0161aryov\u00e1 & Partners","description":"advok\u00e1t | pr\u00e1vnik | pr\u00e1vne slu\u017eby | 2026","publisher":{"@id":"https:\/\/www.lidaybasaryova.sk\/#organization"},"potentialAction":[{"@type":"SearchAction","target":{"@type":"EntryPoint","urlTemplate":"https:\/\/www.lidaybasaryova.sk\/?s={search_term_string}"},"query-input":{"@type":"PropertyValueSpecification","valueRequired":true,"valueName":"search_term_string"}}],"inLanguage":"en-US"},{"@type":"Organization","@id":"https:\/\/www.lidaybasaryova.sk\/#organization","name":"Liday - Ba\u0161aryov\u00e1 & Partners","url":"https:\/\/www.lidaybasaryova.sk\/","logo":{"@type":"ImageObject","inLanguage":"en-US","@id":"https:\/\/www.lidaybasaryova.sk\/#\/schema\/logo\/image\/","url":"https:\/\/www.lidaybasaryova.sk\/wp-content\/uploads\/2021\/02\/cropped-BASARY-logo-scaled-1.jpg","contentUrl":"https:\/\/www.lidaybasaryova.sk\/wp-content\/uploads\/2021\/02\/cropped-BASARY-logo-scaled-1.jpg","width":2560,"height":1201,"caption":"Liday - Ba\u0161aryov\u00e1 & Partners"},"image":{"@id":"https:\/\/www.lidaybasaryova.sk\/#\/schema\/logo\/image\/"}},{"@type":"Person","@id":"https:\/\/www.lidaybasaryova.sk\/#\/schema\/person\/d3c5da2a9f105ceab490f45b30191535","name":"editor","image":{"@type":"ImageObject","inLanguage":"en-US","@id":"https:\/\/secure.gravatar.com\/avatar\/369bc0f0cfb8a7aa2b2ee63731576b08ec4fc29f9394ff1e5c74787e9ee698be?s=96&d=mm&r=g","url":"https:\/\/secure.gravatar.com\/avatar\/369bc0f0cfb8a7aa2b2ee63731576b08ec4fc29f9394ff1e5c74787e9ee698be?s=96&d=mm&r=g","contentUrl":"https:\/\/secure.gravatar.com\/avatar\/369bc0f0cfb8a7aa2b2ee63731576b08ec4fc29f9394ff1e5c74787e9ee698be?s=96&d=mm&r=g","caption":"editor"},"url":"https:\/\/www.lidaybasaryova.sk\/en\/author\/basaryova\/"}]}},"jetpack_featured_media_url":"https:\/\/www.lidaybasaryova.sk\/wp-content\/uploads\/2021\/06\/ibrahim-boran-kkACMU0GYko-unsplash.jpg","jetpack_sharing_enabled":true,"_links":{"self":[{"href":"https:\/\/www.lidaybasaryova.sk\/en\/wp-json\/wp\/v2\/posts\/2037","targetHints":{"allow":["GET"]}}],"collection":[{"href":"https:\/\/www.lidaybasaryova.sk\/en\/wp-json\/wp\/v2\/posts"}],"about":[{"href":"https:\/\/www.lidaybasaryova.sk\/en\/wp-json\/wp\/v2\/types\/post"}],"author":[{"embeddable":true,"href":"https:\/\/www.lidaybasaryova.sk\/en\/wp-json\/wp\/v2\/users\/2"}],"replies":[{"embeddable":true,"href":"https:\/\/www.lidaybasaryova.sk\/en\/wp-json\/wp\/v2\/comments?post=2037"}],"version-history":[{"count":8,"href":"https:\/\/www.lidaybasaryova.sk\/en\/wp-json\/wp\/v2\/posts\/2037\/revisions"}],"predecessor-version":[{"id":3748,"href":"https:\/\/www.lidaybasaryova.sk\/en\/wp-json\/wp\/v2\/posts\/2037\/revisions\/3748"}],"wp:featuredmedia":[{"embeddable":true,"href":"https:\/\/www.lidaybasaryova.sk\/en\/wp-json\/wp\/v2\/media\/980"}],"wp:attachment":[{"href":"https:\/\/www.lidaybasaryova.sk\/en\/wp-json\/wp\/v2\/media?parent=2037"}],"wp:term":[{"taxonomy":"category","embeddable":true,"href":"https:\/\/www.lidaybasaryova.sk\/en\/wp-json\/wp\/v2\/categories?post=2037"},{"taxonomy":"post_tag","embeddable":true,"href":"https:\/\/www.lidaybasaryova.sk\/en\/wp-json\/wp\/v2\/tags?post=2037"}],"curies":[{"name":"wp","href":"https:\/\/api.w.org\/{rel}","templated":true}]}}