{"id":1014,"date":"2021-07-14T14:33:53","date_gmt":"2021-07-14T13:33:53","guid":{"rendered":"https:\/\/www.lidaybasaryova.sk\/?p=1014"},"modified":"2024-09-29T18:58:18","modified_gmt":"2024-09-29T17:58:18","slug":"europske-pravo-a-antidiskriminacia","status":"publish","type":"post","link":"https:\/\/www.lidaybasaryova.sk\/en\/europske-pravo-a-antidiskriminacia\/","title":{"rendered":"Anti - discrimination and European law"},"content":{"rendered":"<p>Antidiskrimin\u00e1cia patr\u00ed medzi t\u00e9my, ktor\u00fdm sa v na\u0161ej advok\u00e1tskej kancel\u00e1rii venujeme. V d\u0148och 24. a 25. j\u00fana 2021 sme sa z\u00fa\u010dastnili online semin\u00e1ra pre pr\u00e1vnych expertov. T\u00e9mou semin\u00e1ra bolo Uplat\u0148ovanie pr\u00e1va Eur\u00f3pskej \u00fanie v oblasti antidiskrimin\u00e1cie. Semin\u00e1r organizovala <a href=\"https:\/\/www.era.int\/cgi-bin\/cms?_SID=NEW&amp;_sprache=en&amp;_bereich=ansicht&amp;_aktion=detail&amp;schluessel=era\">ERA <\/a>(The Academy of European Law, v preklade Akad\u00e9mia eur\u00f3pskeho pr\u00e1va) v spolupr\u00e1ci so Slovenskou advok\u00e1tskou komorou. <\/p>\n\n\n\n<figure class=\"wp-block-image size-large\"><img fetchpriority=\"high\" decoding=\"async\" width=\"665\" height=\"892\" src=\"https:\/\/www.lidaybasaryova.sk\/wp-content\/uploads\/2021\/07\/certifikat-ERA.png\" alt=\"\" class=\"wp-image-1016\" srcset=\"https:\/\/www.lidaybasaryova.sk\/wp-content\/uploads\/2021\/07\/certifikat-ERA.png 665w, https:\/\/www.lidaybasaryova.sk\/wp-content\/uploads\/2021\/07\/certifikat-ERA-224x300.png 224w, https:\/\/www.lidaybasaryova.sk\/wp-content\/uploads\/2021\/07\/certifikat-ERA-9x12.png 9w\" sizes=\"(max-width: 665px) 100vw, 665px\" \/><\/figure>\n\n\n\n<p>Predmetom online semin\u00e1ra  o uplat\u0148ovan\u00ed pr\u00e1va Eur\u00f3pskej \u00fanie v oblasti antidiskrimin\u00e1cie boli t\u00e9my ako: antidiskrimin\u00e1cia, in\u0161tit\u00faty eur\u00f3pskeho pr\u00e1va v oblasti rovnosti, dokazovanie diskrimin\u00e1cie, Charta z\u00e1kladn\u00fdch pr\u00e1v Eur\u00f3pskej \u00fanie a antidiskrimina\u010dn\u00e1 legislat\u00edva Eur\u00f3pskej \u00fanie, n\u00e1bo\u017eensk\u00e1 diskrimin\u00e1cia na pracovisku a ned\u00e1vna judikat\u00fara S\u00fadneho dvora Eur\u00f3pskej \u00fanie, diskrimin\u00e1cia na z\u00e1klade zdravotn\u00e9ho postihnutia alebo aj t\u00e9ma ako odha\u013eova\u0165 a rie\u0161i\u0165 diskrimin\u00e1ciu v kontexte umelej inteligencie a in\u00e9.<\/p>\n\n\n\n<p><strong>Slu\u017eby v oblasti antidiskrimin\u00e1cie<\/strong><\/p>\n\n\n\n<p>Stali ste sa obe\u0165ou diskrimin\u00e1cie, napr\u00edklad na Va\u0161om pracovisku, v \u0161kole, na \u00faradoch a \u0161t\u00e1tnych in\u0161tit\u00faci\u00e1ch alebo v pr\u00edstupe k slu\u017eb\u00e1m? Potrebujete sa poradi\u0165 s pr\u00e1vnikom? <a href=\"https:\/\/www.lidaybasaryova.sk\/en\/kontaktujte-nas\/\">Contact us.<\/a> Dohodneme si s Vami osobn\u00e9 stretnutie alebo telefonick\u00fa, pr\u00edpadne online konzult\u00e1ciu. Takisto si u n\u00e1s m\u00f4\u017eete objedna\u0165 pr\u00e1vne stanovisko na mieru k Va\u0161ej situ\u00e1cii.<\/p>\n\n\n\n<p><strong>Pre\u010d\u00edtajte si aj \u010fal\u0161ie na\u0161e aktuality a \u010dl\u00e1nky:<\/strong><\/p>\n\n\n\n<p><a href=\"https:\/\/www.lidaybasaryova.sk\/en\/2021-ako-sa-da-podat-navrh-na-vydanie-platobneho-rozkazu\/\">Ako sa d\u00e1 poda\u0165 n\u00e1vrh na vydanie platobn\u00e9ho rozkazu?<\/a><\/p>\n\n\n\n<p><a href=\"https:\/\/www.lidaybasaryova.sk\/en\/trendy-v-neobvyklych-obchodnych-operaciach\/\">Trends in unusual business operations<\/a><\/p>\n\n\n\n<p><a href=\"https:\/\/www.lidaybasaryova.sk\/en\/zmena-zakona-o-ochrane-osobnych-udajov\/\">Change to the Data Protection Act<\/a><\/p>\n\n\n\n<p><a href=\"https:\/\/www.lidaybasaryova.sk\/en\/2021-odmena-advokata\/\">Attorney's fees<\/a><\/p>","protected":false},"excerpt":{"rendered":"<p>We participated in a seminar for legal experts on anti-discrimination and European law.<\/p>","protected":false},"author":2,"featured_media":1019,"comment_status":"open","ping_status":"open","sticky":false,"template":"","format":"standard","meta":{"_eb_attr":"","neve_meta_sidebar":"","neve_meta_container":"","neve_meta_enable_content_width":"","neve_meta_content_width":0,"neve_meta_title_alignment":"","neve_meta_author_avatar":"","neve_post_elements_order":"","neve_meta_disable_header":"","neve_meta_disable_footer":"","neve_meta_disable_title":"","_themeisle_gutenberg_block_has_review":false,"_jetpack_memberships_contains_paid_content":false,"footnotes":""},"categories":[15],"tags":[122,670,125,127,124,123,126],"class_list":["post-1014","post","type-post","status-publish","format-standard","has-post-thumbnail","hentry","category-aktuality","tag-antidiskriminacia","tag-antidiskriminacny-zakon","tag-certifikat","tag-diskriminacia","tag-europske-pravo","tag-pravo-eu","tag-vzdelavanie"],"yoast_head":"<!-- This site is optimized with the Yoast SEO plugin v27.4 - https:\/\/yoast.com\/product\/yoast-seo-wordpress\/ -->\n<title>Antidiskrimin\u00e1cia a eur\u00f3pske pr\u00e1vo - LIDAY BA\u0160ARYOV\u00c1 &amp; PARTNERS | pr\u00e1vnik | advok\u00e1t | Bratislava | Ru\u017eomberok<\/title>\n<meta name=\"description\" content=\"Antidiskrimin\u00e1cia. Z\u00fa\u010dastnili sa sa semin\u00e1ra na t\u00e9mu Uplat\u0148ovanie pr\u00e1va E\u00da v oblasti antidiskrimin\u00e1cie organizovanom ERA v spolupr\u00e1ci so SAK.\" \/>\n<meta name=\"robots\" content=\"index, follow, max-snippet:-1, max-image-preview:large, max-video-preview:-1\" \/>\n<link rel=\"canonical\" href=\"https:\/\/www.lidaybasaryova.sk\/en\/europske-pravo-a-antidiskriminacia\/\" \/>\n<meta property=\"og:locale\" content=\"en_US\" \/>\n<meta property=\"og:type\" content=\"article\" \/>\n<meta property=\"og:title\" content=\"Antidiskrimin\u00e1cia a eur\u00f3pske pr\u00e1vo - LIDAY BA\u0160ARYOV\u00c1 &amp; PARTNERS | pr\u00e1vnik | advok\u00e1t | Bratislava | Ru\u017eomberok\" \/>\n<meta property=\"og:description\" content=\"Antidiskrimin\u00e1cia. Z\u00fa\u010dastnili sa sa semin\u00e1ra na t\u00e9mu Uplat\u0148ovanie pr\u00e1va E\u00da v oblasti antidiskrimin\u00e1cie organizovanom ERA v spolupr\u00e1ci so SAK.\" \/>\n<meta property=\"og:url\" content=\"https:\/\/www.lidaybasaryova.sk\/en\/europske-pravo-a-antidiskriminacia\/\" \/>\n<meta property=\"og:site_name\" content=\"LIDAY BA\u0160ARYOV\u00c1 &amp; PARTNERS | pr\u00e1vnik | advok\u00e1t | Bratislava | Ru\u017eomberok\" \/>\n<meta property=\"article:published_time\" content=\"2021-07-14T13:33:53+00:00\" \/>\n<meta property=\"article:modified_time\" content=\"2024-09-29T17:58:18+00:00\" \/>\n<meta property=\"og:image\" content=\"https:\/\/www.lidaybasaryova.sk\/wp-content\/uploads\/2021\/07\/gummibarchen-359950_640.jpg\" \/>\n\t<meta property=\"og:image:width\" content=\"640\" \/>\n\t<meta property=\"og:image:height\" content=\"425\" \/>\n\t<meta property=\"og:image:type\" content=\"image\/jpeg\" \/>\n<meta name=\"author\" content=\"editor\" \/>\n<meta name=\"twitter:card\" content=\"summary_large_image\" \/>\n<meta name=\"twitter:label1\" content=\"Written by\" \/>\n\t<meta name=\"twitter:data1\" content=\"editor\" \/>\n\t<meta name=\"twitter:label2\" content=\"Est. reading time\" \/>\n\t<meta name=\"twitter:data2\" content=\"2 minutes\" \/>\n<script type=\"application\/ld+json\" class=\"yoast-schema-graph\">{\"@context\":\"https:\\\/\\\/schema.org\",\"@graph\":[{\"@type\":\"Article\",\"@id\":\"https:\\\/\\\/www.lidaybasaryova.sk\\\/europske-pravo-a-antidiskriminacia\\\/#article\",\"isPartOf\":{\"@id\":\"https:\\\/\\\/www.lidaybasaryova.sk\\\/europske-pravo-a-antidiskriminacia\\\/\"},\"author\":{\"name\":\"editor\",\"@id\":\"https:\\\/\\\/www.lidaybasaryova.sk\\\/#\\\/schema\\\/person\\\/d3c5da2a9f105ceab490f45b30191535\"},\"headline\":\"Antidiskrimin\u00e1cia a eur\u00f3pske pr\u00e1vo\",\"datePublished\":\"2021-07-14T13:33:53+00:00\",\"dateModified\":\"2024-09-29T17:58:18+00:00\",\"mainEntityOfPage\":{\"@id\":\"https:\\\/\\\/www.lidaybasaryova.sk\\\/europske-pravo-a-antidiskriminacia\\\/\"},\"wordCount\":299,\"commentCount\":2,\"publisher\":{\"@id\":\"https:\\\/\\\/www.lidaybasaryova.sk\\\/#organization\"},\"image\":{\"@id\":\"https:\\\/\\\/www.lidaybasaryova.sk\\\/europske-pravo-a-antidiskriminacia\\\/#primaryimage\"},\"thumbnailUrl\":\"https:\\\/\\\/www.lidaybasaryova.sk\\\/wp-content\\\/uploads\\\/2021\\\/07\\\/gummibarchen-359950_640.jpg\",\"keywords\":[\"antidiskrimin\u00e1cia\",\"antidiskrimina\u010dn\u00fd z\u00e1kon\",\"certifik\u00e1t\",\"diskrimin\u00e1cia\",\"eur\u00f3pske pr\u00e1vo\",\"pr\u00e1vo E\u00da\",\"vzdel\u00e1vanie\"],\"articleSection\":[\"aktuality\"],\"inLanguage\":\"en-US\",\"potentialAction\":[{\"@type\":\"CommentAction\",\"name\":\"Comment\",\"target\":[\"https:\\\/\\\/www.lidaybasaryova.sk\\\/europske-pravo-a-antidiskriminacia\\\/#respond\"]}]},{\"@type\":\"WebPage\",\"@id\":\"https:\\\/\\\/www.lidaybasaryova.sk\\\/europske-pravo-a-antidiskriminacia\\\/\",\"url\":\"https:\\\/\\\/www.lidaybasaryova.sk\\\/europske-pravo-a-antidiskriminacia\\\/\",\"name\":\"Antidiskrimin\u00e1cia a eur\u00f3pske pr\u00e1vo - LIDAY BA\u0160ARYOV\u00c1 &amp; PARTNERS | pr\u00e1vnik | advok\u00e1t | Bratislava | Ru\u017eomberok\",\"isPartOf\":{\"@id\":\"https:\\\/\\\/www.lidaybasaryova.sk\\\/#website\"},\"primaryImageOfPage\":{\"@id\":\"https:\\\/\\\/www.lidaybasaryova.sk\\\/europske-pravo-a-antidiskriminacia\\\/#primaryimage\"},\"image\":{\"@id\":\"https:\\\/\\\/www.lidaybasaryova.sk\\\/europske-pravo-a-antidiskriminacia\\\/#primaryimage\"},\"thumbnailUrl\":\"https:\\\/\\\/www.lidaybasaryova.sk\\\/wp-content\\\/uploads\\\/2021\\\/07\\\/gummibarchen-359950_640.jpg\",\"datePublished\":\"2021-07-14T13:33:53+00:00\",\"dateModified\":\"2024-09-29T17:58:18+00:00\",\"description\":\"Antidiskrimin\u00e1cia. Z\u00fa\u010dastnili sa sa semin\u00e1ra na t\u00e9mu Uplat\u0148ovanie pr\u00e1va E\u00da v oblasti antidiskrimin\u00e1cie organizovanom ERA v spolupr\u00e1ci so SAK.\",\"breadcrumb\":{\"@id\":\"https:\\\/\\\/www.lidaybasaryova.sk\\\/europske-pravo-a-antidiskriminacia\\\/#breadcrumb\"},\"inLanguage\":\"en-US\",\"potentialAction\":[{\"@type\":\"ReadAction\",\"target\":[\"https:\\\/\\\/www.lidaybasaryova.sk\\\/europske-pravo-a-antidiskriminacia\\\/\"]}]},{\"@type\":\"ImageObject\",\"inLanguage\":\"en-US\",\"@id\":\"https:\\\/\\\/www.lidaybasaryova.sk\\\/europske-pravo-a-antidiskriminacia\\\/#primaryimage\",\"url\":\"https:\\\/\\\/www.lidaybasaryova.sk\\\/wp-content\\\/uploads\\\/2021\\\/07\\\/gummibarchen-359950_640.jpg\",\"contentUrl\":\"https:\\\/\\\/www.lidaybasaryova.sk\\\/wp-content\\\/uploads\\\/2021\\\/07\\\/gummibarchen-359950_640.jpg\",\"width\":640,\"height\":425},{\"@type\":\"BreadcrumbList\",\"@id\":\"https:\\\/\\\/www.lidaybasaryova.sk\\\/europske-pravo-a-antidiskriminacia\\\/#breadcrumb\",\"itemListElement\":[{\"@type\":\"ListItem\",\"position\":1,\"name\":\"advok\u00e1t\",\"item\":\"https:\\\/\\\/www.lidaybasaryova.sk\\\/\"},{\"@type\":\"ListItem\",\"position\":2,\"name\":\"Antidiskrimin\u00e1cia a eur\u00f3pske pr\u00e1vo\"}]},{\"@type\":\"WebSite\",\"@id\":\"https:\\\/\\\/www.lidaybasaryova.sk\\\/#website\",\"url\":\"https:\\\/\\\/www.lidaybasaryova.sk\\\/\",\"name\":\"Liday - Ba\u0161aryov\u00e1 & Partners\",\"description\":\"advok\u00e1t | pr\u00e1vnik | pr\u00e1vne slu\u017eby | 2026\",\"publisher\":{\"@id\":\"https:\\\/\\\/www.lidaybasaryova.sk\\\/#organization\"},\"potentialAction\":[{\"@type\":\"SearchAction\",\"target\":{\"@type\":\"EntryPoint\",\"urlTemplate\":\"https:\\\/\\\/www.lidaybasaryova.sk\\\/?s={search_term_string}\"},\"query-input\":{\"@type\":\"PropertyValueSpecification\",\"valueRequired\":true,\"valueName\":\"search_term_string\"}}],\"inLanguage\":\"en-US\"},{\"@type\":\"Organization\",\"@id\":\"https:\\\/\\\/www.lidaybasaryova.sk\\\/#organization\",\"name\":\"Liday - Ba\u0161aryov\u00e1 & Partners\",\"url\":\"https:\\\/\\\/www.lidaybasaryova.sk\\\/\",\"logo\":{\"@type\":\"ImageObject\",\"inLanguage\":\"en-US\",\"@id\":\"https:\\\/\\\/www.lidaybasaryova.sk\\\/#\\\/schema\\\/logo\\\/image\\\/\",\"url\":\"https:\\\/\\\/www.lidaybasaryova.sk\\\/wp-content\\\/uploads\\\/2021\\\/02\\\/cropped-BASARY-logo-scaled-1.jpg\",\"contentUrl\":\"https:\\\/\\\/www.lidaybasaryova.sk\\\/wp-content\\\/uploads\\\/2021\\\/02\\\/cropped-BASARY-logo-scaled-1.jpg\",\"width\":2560,\"height\":1201,\"caption\":\"Liday - Ba\u0161aryov\u00e1 & Partners\"},\"image\":{\"@id\":\"https:\\\/\\\/www.lidaybasaryova.sk\\\/#\\\/schema\\\/logo\\\/image\\\/\"}},{\"@type\":\"Person\",\"@id\":\"https:\\\/\\\/www.lidaybasaryova.sk\\\/#\\\/schema\\\/person\\\/d3c5da2a9f105ceab490f45b30191535\",\"name\":\"editor\",\"image\":{\"@type\":\"ImageObject\",\"inLanguage\":\"en-US\",\"@id\":\"https:\\\/\\\/secure.gravatar.com\\\/avatar\\\/369bc0f0cfb8a7aa2b2ee63731576b08ec4fc29f9394ff1e5c74787e9ee698be?s=96&d=mm&r=g\",\"url\":\"https:\\\/\\\/secure.gravatar.com\\\/avatar\\\/369bc0f0cfb8a7aa2b2ee63731576b08ec4fc29f9394ff1e5c74787e9ee698be?s=96&d=mm&r=g\",\"contentUrl\":\"https:\\\/\\\/secure.gravatar.com\\\/avatar\\\/369bc0f0cfb8a7aa2b2ee63731576b08ec4fc29f9394ff1e5c74787e9ee698be?s=96&d=mm&r=g\",\"caption\":\"editor\"},\"url\":\"https:\\\/\\\/www.lidaybasaryova.sk\\\/en\\\/author\\\/basaryova\\\/\"}]}<\/script>\n<!-- \/ Yoast SEO plugin. -->","yoast_head_json":{"title":"Antidiskrimin\u00e1cia a eur\u00f3pske pr\u00e1vo - LIDAY BA\u0160ARYOV\u00c1 &amp; PARTNERS | pr\u00e1vnik | advok\u00e1t | Bratislava | Ru\u017eomberok","description":"Antidiskrimin\u00e1cia. Z\u00fa\u010dastnili sa sa semin\u00e1ra na t\u00e9mu Uplat\u0148ovanie pr\u00e1va E\u00da v oblasti antidiskrimin\u00e1cie organizovanom ERA v spolupr\u00e1ci so SAK.","robots":{"index":"index","follow":"follow","max-snippet":"max-snippet:-1","max-image-preview":"max-image-preview:large","max-video-preview":"max-video-preview:-1"},"canonical":"https:\/\/www.lidaybasaryova.sk\/en\/europske-pravo-a-antidiskriminacia\/","og_locale":"en_US","og_type":"article","og_title":"Antidiskrimin\u00e1cia a eur\u00f3pske pr\u00e1vo - LIDAY BA\u0160ARYOV\u00c1 &amp; PARTNERS | pr\u00e1vnik | advok\u00e1t | Bratislava | Ru\u017eomberok","og_description":"Antidiskrimin\u00e1cia. Z\u00fa\u010dastnili sa sa semin\u00e1ra na t\u00e9mu Uplat\u0148ovanie pr\u00e1va E\u00da v oblasti antidiskrimin\u00e1cie organizovanom ERA v spolupr\u00e1ci so SAK.","og_url":"https:\/\/www.lidaybasaryova.sk\/en\/europske-pravo-a-antidiskriminacia\/","og_site_name":"LIDAY BA\u0160ARYOV\u00c1 &amp; PARTNERS | pr\u00e1vnik | advok\u00e1t | Bratislava | Ru\u017eomberok","article_published_time":"2021-07-14T13:33:53+00:00","article_modified_time":"2024-09-29T17:58:18+00:00","og_image":[{"width":640,"height":425,"url":"https:\/\/www.lidaybasaryova.sk\/wp-content\/uploads\/2021\/07\/gummibarchen-359950_640.jpg","type":"image\/jpeg"}],"author":"editor","twitter_card":"summary_large_image","twitter_misc":{"Written by":"editor","Est. reading time":"2 minutes"},"schema":{"@context":"https:\/\/schema.org","@graph":[{"@type":"Article","@id":"https:\/\/www.lidaybasaryova.sk\/europske-pravo-a-antidiskriminacia\/#article","isPartOf":{"@id":"https:\/\/www.lidaybasaryova.sk\/europske-pravo-a-antidiskriminacia\/"},"author":{"name":"editor","@id":"https:\/\/www.lidaybasaryova.sk\/#\/schema\/person\/d3c5da2a9f105ceab490f45b30191535"},"headline":"Antidiskrimin\u00e1cia a eur\u00f3pske pr\u00e1vo","datePublished":"2021-07-14T13:33:53+00:00","dateModified":"2024-09-29T17:58:18+00:00","mainEntityOfPage":{"@id":"https:\/\/www.lidaybasaryova.sk\/europske-pravo-a-antidiskriminacia\/"},"wordCount":299,"commentCount":2,"publisher":{"@id":"https:\/\/www.lidaybasaryova.sk\/#organization"},"image":{"@id":"https:\/\/www.lidaybasaryova.sk\/europske-pravo-a-antidiskriminacia\/#primaryimage"},"thumbnailUrl":"https:\/\/www.lidaybasaryova.sk\/wp-content\/uploads\/2021\/07\/gummibarchen-359950_640.jpg","keywords":["antidiskrimin\u00e1cia","antidiskrimina\u010dn\u00fd z\u00e1kon","certifik\u00e1t","diskrimin\u00e1cia","eur\u00f3pske pr\u00e1vo","pr\u00e1vo E\u00da","vzdel\u00e1vanie"],"articleSection":["aktuality"],"inLanguage":"en-US","potentialAction":[{"@type":"CommentAction","name":"Comment","target":["https:\/\/www.lidaybasaryova.sk\/europske-pravo-a-antidiskriminacia\/#respond"]}]},{"@type":"WebPage","@id":"https:\/\/www.lidaybasaryova.sk\/europske-pravo-a-antidiskriminacia\/","url":"https:\/\/www.lidaybasaryova.sk\/europske-pravo-a-antidiskriminacia\/","name":"Antidiskrimin\u00e1cia a eur\u00f3pske pr\u00e1vo - LIDAY BA\u0160ARYOV\u00c1 &amp; PARTNERS | pr\u00e1vnik | advok\u00e1t | Bratislava | Ru\u017eomberok","isPartOf":{"@id":"https:\/\/www.lidaybasaryova.sk\/#website"},"primaryImageOfPage":{"@id":"https:\/\/www.lidaybasaryova.sk\/europske-pravo-a-antidiskriminacia\/#primaryimage"},"image":{"@id":"https:\/\/www.lidaybasaryova.sk\/europske-pravo-a-antidiskriminacia\/#primaryimage"},"thumbnailUrl":"https:\/\/www.lidaybasaryova.sk\/wp-content\/uploads\/2021\/07\/gummibarchen-359950_640.jpg","datePublished":"2021-07-14T13:33:53+00:00","dateModified":"2024-09-29T17:58:18+00:00","description":"Antidiskrimin\u00e1cia. Z\u00fa\u010dastnili sa sa semin\u00e1ra na t\u00e9mu Uplat\u0148ovanie pr\u00e1va E\u00da v oblasti antidiskrimin\u00e1cie organizovanom ERA v spolupr\u00e1ci so SAK.","breadcrumb":{"@id":"https:\/\/www.lidaybasaryova.sk\/europske-pravo-a-antidiskriminacia\/#breadcrumb"},"inLanguage":"en-US","potentialAction":[{"@type":"ReadAction","target":["https:\/\/www.lidaybasaryova.sk\/europske-pravo-a-antidiskriminacia\/"]}]},{"@type":"ImageObject","inLanguage":"en-US","@id":"https:\/\/www.lidaybasaryova.sk\/europske-pravo-a-antidiskriminacia\/#primaryimage","url":"https:\/\/www.lidaybasaryova.sk\/wp-content\/uploads\/2021\/07\/gummibarchen-359950_640.jpg","contentUrl":"https:\/\/www.lidaybasaryova.sk\/wp-content\/uploads\/2021\/07\/gummibarchen-359950_640.jpg","width":640,"height":425},{"@type":"BreadcrumbList","@id":"https:\/\/www.lidaybasaryova.sk\/europske-pravo-a-antidiskriminacia\/#breadcrumb","itemListElement":[{"@type":"ListItem","position":1,"name":"advok\u00e1t","item":"https:\/\/www.lidaybasaryova.sk\/"},{"@type":"ListItem","position":2,"name":"Antidiskrimin\u00e1cia a eur\u00f3pske pr\u00e1vo"}]},{"@type":"WebSite","@id":"https:\/\/www.lidaybasaryova.sk\/#website","url":"https:\/\/www.lidaybasaryova.sk\/","name":"Liday - Ba\u0161aryov\u00e1 & Partners","description":"advok\u00e1t | pr\u00e1vnik | pr\u00e1vne slu\u017eby | 2026","publisher":{"@id":"https:\/\/www.lidaybasaryova.sk\/#organization"},"potentialAction":[{"@type":"SearchAction","target":{"@type":"EntryPoint","urlTemplate":"https:\/\/www.lidaybasaryova.sk\/?s={search_term_string}"},"query-input":{"@type":"PropertyValueSpecification","valueRequired":true,"valueName":"search_term_string"}}],"inLanguage":"en-US"},{"@type":"Organization","@id":"https:\/\/www.lidaybasaryova.sk\/#organization","name":"Liday - Ba\u0161aryov\u00e1 & Partners","url":"https:\/\/www.lidaybasaryova.sk\/","logo":{"@type":"ImageObject","inLanguage":"en-US","@id":"https:\/\/www.lidaybasaryova.sk\/#\/schema\/logo\/image\/","url":"https:\/\/www.lidaybasaryova.sk\/wp-content\/uploads\/2021\/02\/cropped-BASARY-logo-scaled-1.jpg","contentUrl":"https:\/\/www.lidaybasaryova.sk\/wp-content\/uploads\/2021\/02\/cropped-BASARY-logo-scaled-1.jpg","width":2560,"height":1201,"caption":"Liday - Ba\u0161aryov\u00e1 & Partners"},"image":{"@id":"https:\/\/www.lidaybasaryova.sk\/#\/schema\/logo\/image\/"}},{"@type":"Person","@id":"https:\/\/www.lidaybasaryova.sk\/#\/schema\/person\/d3c5da2a9f105ceab490f45b30191535","name":"editor","image":{"@type":"ImageObject","inLanguage":"en-US","@id":"https:\/\/secure.gravatar.com\/avatar\/369bc0f0cfb8a7aa2b2ee63731576b08ec4fc29f9394ff1e5c74787e9ee698be?s=96&d=mm&r=g","url":"https:\/\/secure.gravatar.com\/avatar\/369bc0f0cfb8a7aa2b2ee63731576b08ec4fc29f9394ff1e5c74787e9ee698be?s=96&d=mm&r=g","contentUrl":"https:\/\/secure.gravatar.com\/avatar\/369bc0f0cfb8a7aa2b2ee63731576b08ec4fc29f9394ff1e5c74787e9ee698be?s=96&d=mm&r=g","caption":"editor"},"url":"https:\/\/www.lidaybasaryova.sk\/en\/author\/basaryova\/"}]}},"jetpack_featured_media_url":"https:\/\/www.lidaybasaryova.sk\/wp-content\/uploads\/2021\/07\/gummibarchen-359950_640.jpg","jetpack_sharing_enabled":true,"_links":{"self":[{"href":"https:\/\/www.lidaybasaryova.sk\/en\/wp-json\/wp\/v2\/posts\/1014","targetHints":{"allow":["GET"]}}],"collection":[{"href":"https:\/\/www.lidaybasaryova.sk\/en\/wp-json\/wp\/v2\/posts"}],"about":[{"href":"https:\/\/www.lidaybasaryova.sk\/en\/wp-json\/wp\/v2\/types\/post"}],"author":[{"embeddable":true,"href":"https:\/\/www.lidaybasaryova.sk\/en\/wp-json\/wp\/v2\/users\/2"}],"replies":[{"embeddable":true,"href":"https:\/\/www.lidaybasaryova.sk\/en\/wp-json\/wp\/v2\/comments?post=1014"}],"version-history":[{"count":28,"href":"https:\/\/www.lidaybasaryova.sk\/en\/wp-json\/wp\/v2\/posts\/1014\/revisions"}],"predecessor-version":[{"id":3707,"href":"https:\/\/www.lidaybasaryova.sk\/en\/wp-json\/wp\/v2\/posts\/1014\/revisions\/3707"}],"wp:featuredmedia":[{"embeddable":true,"href":"https:\/\/www.lidaybasaryova.sk\/en\/wp-json\/wp\/v2\/media\/1019"}],"wp:attachment":[{"href":"https:\/\/www.lidaybasaryova.sk\/en\/wp-json\/wp\/v2\/media?parent=1014"}],"wp:term":[{"taxonomy":"category","embeddable":true,"href":"https:\/\/www.lidaybasaryova.sk\/en\/wp-json\/wp\/v2\/categories?post=1014"},{"taxonomy":"post_tag","embeddable":true,"href":"https:\/\/www.lidaybasaryova.sk\/en\/wp-json\/wp\/v2\/tags?post=1014"}],"curies":[{"name":"wp","href":"https:\/\/api.w.org\/{rel}","templated":true}]}}